{"id":72206,"date":"2025-06-23T23:16:35","date_gmt":"2025-06-23T23:16:35","guid":{"rendered":"https:\/\/www.latempete.info\/?p=72206"},"modified":"2025-06-23T23:16:37","modified_gmt":"2025-06-23T23:16:37","slug":"gel-de-laide-internationale-les-systemes-de-sante-de-plusieurs-pays-dafrique-perturbes","status":"publish","type":"post","link":"http:\/\/www.latempete.info\/?p=72206","title":{"rendered":"Gel de l&rsquo;aide internationale : les syst\u00e8mes de sant\u00e9 de plusieurs pays d&rsquo;Afrique perturb\u00e9s"},"content":{"rendered":"\n<p>Par N.T.<\/p>\n\n\n\n<p>L&rsquo;aide \u00e0 la sant\u00e9 devrait chuter de 35 \u00e0 40 % cette ann\u00e9e par rapport \u00e0 2024, soit 10 milliards de dollars en moins sur les 25 milliards allou\u00e9s l&rsquo;an dernier, a alert\u00e9 vendredi lors d&rsquo;un point de presse \u00e0 Gen\u00e8ve, la Dre Kalipso Chalkidou, Directrice de l&rsquo;\u00e9conomie de la sant\u00e9 \u00e0 l&rsquo;Organisation mondiale de la Sant\u00e9 (OMS). Un recul massif, alors m\u00eame que le monde fait face \u00e0 une urgence majeure de financement sanitaire, a-t-elle indiqu\u00e9.<\/p>\n\n\n\n<p>Pour cette agence de l&rsquo;ONU, la d\u00e9cision du gouvernement des \u00c9tats-Unis d&rsquo;Am\u00e9rique de geler ou d&rsquo;interrompre les programmes d&rsquo;aide, associ\u00e9e \u00e0 plusieurs annonces publiques de gouvernements europ\u00e9ens de r\u00e9duire l&rsquo;aide, a entra\u00een\u00e9 \u00a0\u00bb une perturbation importante de l&rsquo;\u00e9cosyst\u00e8me de l&rsquo;aide et des syst\u00e8mes de sant\u00e9 nationaux \u00ab\u00a0.<\/p>\n\n\n\n<p>Le gel ou la baisse de l&rsquo;aide a d\u00e9j\u00e0 un impact sur le financement des syst\u00e8mes de sant\u00e9 dans plusieurs pays d&rsquo;Afrique subsaharienne. \u00a0\u00bb Des pays ont signal\u00e9 des perturbations des services \u00e0 des niveaux jamais vus depuis le pic de la pand\u00e9mie de Covid-19 \u00ab\u00a0, a d\u00e9clar\u00e9 la Dre Kalipso Chalkidou.<\/p>\n\n\n\n<p>Dans la plupart de ces pays, l&rsquo;aide am\u00e9ricaine \u00e9tait la principale source d&rsquo;aide ext\u00e9rieure. Elle repr\u00e9sentait jusqu&rsquo;au tiers des d\u00e9penses sanitaires courantes dans des pays comme le Malawi ou du quart au Mozambique et au Zimbabwe.<\/p>\n\n\n\n<p>Outre Washington, l&rsquo;Australie, la Belgique, le Canada, la France, l&rsquo;Allemagne, les Pays-Bas, l&rsquo;Espagne, la Su\u00e8de, la Suisse, le Royaume-Uni et des institutions de l&rsquo;Union Europ\u00e9enne ont annonc\u00e9 des baisses des budgets li\u00e9s \u00e0 l&rsquo;aide pour cette ann\u00e9e.<\/p>\n\n\n\n<p>Des d\u00e9cennies de sous-investissement par les gouvernements africains<\/p>\n\n\n\n<p>L&rsquo;OMS souligne que cette baisse de l&rsquo;aide intervient apr\u00e8s \u00a0\u00bb des d\u00e9cennies de sous-investissement \u00a0\u00bb dans la sant\u00e9 par les gouvernements nationaux, ce qui a fait du financement par les donateurs une composante essentielle du financement de la sant\u00e9. Depuis 2006, l&rsquo;aide ext\u00e9rieure par habitant dans les pays \u00e0 faible revenu (12,8 USD en 2022) a toujours d\u00e9pass\u00e9 les d\u00e9penses publiques nationales en mati\u00e8re de sant\u00e9, oscillant autour de 8 USD par personne.<\/p>\n\n\n\n<p>Seule une poign\u00e9e de pays d&rsquo;Afrique subsaharienne ont respect\u00e9 l&rsquo;engagement pris \u00e0 Abuja en 2001 d&rsquo;allouer 15 % de leur budget national au secteur de la sant\u00e9. Dans la plupart des cas, les pays sont loin d&rsquo;avoir atteint cet objectif. En moyenne, 7 % des d\u00e9penses publiques ont \u00e9t\u00e9 consacr\u00e9es \u00e0 la sant\u00e9 dans les pays de la branche africaine de l&rsquo;OMS.<br>Selon l&rsquo;agence onusienne bas\u00e9e \u00e0 Gen\u00e8ve, en l&rsquo;absence d&rsquo;une action rapide pour r\u00e9affecter les budgets allou\u00e9s \u00e0 la sant\u00e9, la baisse du financement des donateurs pourrait entra\u00eener une nouvelle hausse des d\u00e9penses directes. Cela affaiblirait la protection financi\u00e8re et aggraverait l&rsquo;appauvrissement des m\u00e9nages.<\/p>\n\n\n\n<p>\u00a0\u00bb Ainsi, non seulement les pays les plus pauvres sont les plus touch\u00e9s par les r\u00e9ductions de l&rsquo;aide, mais les plus pauvres \u00e0 l&rsquo;int\u00e9rieur des pays sont \u00e9galement susceptibles de souffrir le plus \u00ab\u00a0, a encore dit la Dre Chalkidou.<\/p>\n\n\n\n<p>Or, en raison de \u00a0\u00bb l&rsquo;explosion de la dette \u00a0\u00bb dans de nombreux pays d&rsquo;Afrique subsaharienne, il sera plus difficile de faire de la sant\u00e9 \u00a0\u00bb une plus grande priorit\u00e9 dans les budgets gouvernementaux, m\u00eame si elle le devrait \u00ab\u00a0.<\/p>\n\n\n\n<p>\u00a0\u00bb Les gouvernements africains, au niveau continental, d\u00e9pensent deux fois plus pour le service de leur dette (14 % de leur PIB combin\u00e9) que pour la sant\u00e9 \u00ab\u00a0, a d\u00e9taill\u00e9 le responsable de l&rsquo;OMS.<\/p>\n","protected":false},"excerpt":{"rendered":"<p>Par N.T. L&rsquo;aide \u00e0 la sant\u00e9 devrait chuter de 35 \u00e0 40 % cette ann\u00e9e par rapport \u00e0 2024, soit 10 milliards de dollars en moins sur les 25 milliards allou\u00e9s l&rsquo;an dernier, a alert\u00e9 vendredi lors d&rsquo;un point de presse \u00e0 Gen\u00e8ve, la Dre Kalipso Chalkidou, Directrice de l&rsquo;\u00e9conomie de la sant\u00e9 \u00e0 l&rsquo;Organisation [&hellip;]<\/p>\n","protected":false},"author":1,"featured_media":0,"comment_status":"closed","ping_status":"closed","sticky":false,"template":"","format":"standard","meta":{"footnotes":""},"categories":[134,122,10],"tags":[],"class_list":["post-72206","post","type-post","status-publish","format-standard","hentry","category-la-tempete-des-tropiques","category-sante","category-societe"],"_links":{"self":[{"href":"http:\/\/www.latempete.info\/index.php?rest_route=\/wp\/v2\/posts\/72206"}],"collection":[{"href":"http:\/\/www.latempete.info\/index.php?rest_route=\/wp\/v2\/posts"}],"about":[{"href":"http:\/\/www.latempete.info\/index.php?rest_route=\/wp\/v2\/types\/post"}],"author":[{"embeddable":true,"href":"http:\/\/www.latempete.info\/index.php?rest_route=\/wp\/v2\/users\/1"}],"replies":[{"embeddable":true,"href":"http:\/\/www.latempete.info\/index.php?rest_route=%2Fwp%2Fv2%2Fcomments&post=72206"}],"version-history":[{"count":1,"href":"http:\/\/www.latempete.info\/index.php?rest_route=\/wp\/v2\/posts\/72206\/revisions"}],"predecessor-version":[{"id":72207,"href":"http:\/\/www.latempete.info\/index.php?rest_route=\/wp\/v2\/posts\/72206\/revisions\/72207"}],"wp:attachment":[{"href":"http:\/\/www.latempete.info\/index.php?rest_route=%2Fwp%2Fv2%2Fmedia&parent=72206"}],"wp:term":[{"taxonomy":"category","embeddable":true,"href":"http:\/\/www.latempete.info\/index.php?rest_route=%2Fwp%2Fv2%2Fcategories&post=72206"},{"taxonomy":"post_tag","embeddable":true,"href":"http:\/\/www.latempete.info\/index.php?rest_route=%2Fwp%2Fv2%2Ftags&post=72206"}],"curies":[{"name":"wp","href":"https:\/\/api.w.org\/{rel}","templated":true}]}}