{"id":72748,"date":"2025-07-23T20:08:58","date_gmt":"2025-07-23T20:08:58","guid":{"rendered":"https:\/\/www.latempete.info\/?p=72748"},"modified":"2025-07-24T20:10:05","modified_gmt":"2025-07-24T20:10:05","slug":"irene-ziyiruka-lhumoriste-qui-monte","status":"publish","type":"post","link":"http:\/\/www.latempete.info\/?p=72748","title":{"rendered":"Ir\u00e8ne Ziyiruka, l&rsquo;humoriste qui monte"},"content":{"rendered":"\n<p>Par Yves Mitondo<\/p>\n\n\n\n<p>Ir\u00e8ne Ziyiruka est la valeur montante de l&rsquo;humour. La Bukavienne de 19 ans a d\u00e9j\u00e0 un parcours cons\u00e9quent. C&rsquo;est en 2023 qu&rsquo;elle ach\u00e8ve sa formation \u00e0 l&rsquo;\u00e9cole r\u00e9gionale de l&rsquo;humour et se lance sur la sc\u00e8ne. Bapt\u00eame de feu : la 7\u00e8me \u00e9dition du festival Z\u00e9ro Pol\u00e9mik, la r\u00e9f\u00e9rence du stand-up dans la ville et ses alentours. Test r\u00e9ussi devant des figures embl\u00e9matiques, les Ivoiriens Michel Gohou et Boukary.<\/p>\n\n\n\n<p>Un parcours d\u00e9j\u00e0 \u00e9loquent<\/p>\n\n\n\n<p>Il y a aussi la saison 5 de \u00a0\u00bb Mon Premier Montreux \u00ab\u00a0, un concours de talents humoristiques organis\u00e9 dans 10 pays africains francophones, visant \u00e0 promouvoir les humoristes africains et \u00e0 leur offrir une visibilit\u00e9 internationale. Cotonou, au B\u00e9nin, puis Kribi et Douala au Cameroun, ont vu Ir\u00e8ne gravir des \u00e9chelons jusqu&rsquo;en finale, qu&rsquo;elle n&rsquo;a malheureusement pas remport\u00e9e. Elle a \u00e9galement particip\u00e9 \u00e0 un atelier de Canal+ Pop, dans le cadre de Canal Comedy et pris part \u00e0 la 7\u00e8me \u00e9dition de l&rsquo;\u00e9v\u00e9nement f\u00e9minin \u00a0\u00bb Musika na Kipaji \u00ab\u00a0, \u00e0 Goma.<\/p>\n","protected":false},"excerpt":{"rendered":"<p>Par Yves Mitondo Ir\u00e8ne Ziyiruka est la valeur montante de l&rsquo;humour. La Bukavienne de 19 ans a d\u00e9j\u00e0 un parcours cons\u00e9quent. C&rsquo;est en 2023 qu&rsquo;elle ach\u00e8ve sa formation \u00e0 l&rsquo;\u00e9cole r\u00e9gionale de l&rsquo;humour et se lance sur la sc\u00e8ne. Bapt\u00eame de feu : la 7\u00e8me \u00e9dition du festival Z\u00e9ro Pol\u00e9mik, la r\u00e9f\u00e9rence du stand-up dans [&hellip;]<\/p>\n","protected":false},"author":1,"featured_media":0,"comment_status":"closed","ping_status":"closed","sticky":false,"template":"","format":"standard","meta":{"footnotes":""},"categories":[126,8,127,134],"tags":[],"class_list":["post-72748","post","type-post","status-publish","format-standard","hentry","category-cinema","category-culture-media","category-evenements","category-la-tempete-des-tropiques"],"_links":{"self":[{"href":"http:\/\/www.latempete.info\/index.php?rest_route=\/wp\/v2\/posts\/72748"}],"collection":[{"href":"http:\/\/www.latempete.info\/index.php?rest_route=\/wp\/v2\/posts"}],"about":[{"href":"http:\/\/www.latempete.info\/index.php?rest_route=\/wp\/v2\/types\/post"}],"author":[{"embeddable":true,"href":"http:\/\/www.latempete.info\/index.php?rest_route=\/wp\/v2\/users\/1"}],"replies":[{"embeddable":true,"href":"http:\/\/www.latempete.info\/index.php?rest_route=%2Fwp%2Fv2%2Fcomments&post=72748"}],"version-history":[{"count":1,"href":"http:\/\/www.latempete.info\/index.php?rest_route=\/wp\/v2\/posts\/72748\/revisions"}],"predecessor-version":[{"id":72749,"href":"http:\/\/www.latempete.info\/index.php?rest_route=\/wp\/v2\/posts\/72748\/revisions\/72749"}],"wp:attachment":[{"href":"http:\/\/www.latempete.info\/index.php?rest_route=%2Fwp%2Fv2%2Fmedia&parent=72748"}],"wp:term":[{"taxonomy":"category","embeddable":true,"href":"http:\/\/www.latempete.info\/index.php?rest_route=%2Fwp%2Fv2%2Fcategories&post=72748"},{"taxonomy":"post_tag","embeddable":true,"href":"http:\/\/www.latempete.info\/index.php?rest_route=%2Fwp%2Fv2%2Ftags&post=72748"}],"curies":[{"name":"wp","href":"https:\/\/api.w.org\/{rel}","templated":true}]}}