{"id":72974,"date":"2025-08-06T19:35:35","date_gmt":"2025-08-06T19:35:35","guid":{"rendered":"https:\/\/www.latempete.info\/?p=72974"},"modified":"2025-08-06T19:35:37","modified_gmt":"2025-08-06T19:35:37","slug":"haut-uele-un-eveque-ordonne-la-fermeture-dune-eglise-catholique-apres-un-acte-de-profanation-a-isiro","status":"publish","type":"post","link":"http:\/\/www.latempete.info\/?p=72974","title":{"rendered":"Haut-Uele : un \u00e9v\u00eaque ordonne la fermeture d&rsquo;une \u00c9glise catholique apr\u00e8s un acte de profanation \u00e0 Isiro"},"content":{"rendered":"\n<p>Par LM<\/p>\n\n\n\n<p>L&rsquo;\u00e9v\u00eaque du dioc\u00e8se d&rsquo;Isiro-Niangara, Mgr Dieudonn\u00e9 Madrap\u00e9 Tanzi, a ordonn\u00e9, le 2 ao\u00fbt 2025, la fermeture imm\u00e9diate de l&rsquo;\u00c9glise Saint Joseph \u00c9poux de la Vierge Marie de Mangoro, \u00e0 Isiro. Cette d\u00e9cision fait suite \u00e0 un acte de profanation : des excr\u00e9ments humains ont \u00e9t\u00e9 d\u00e9couverts devant l&rsquo;autel et \u00e0 l&rsquo;entr\u00e9e de la sacristie. Le pr\u00e9lat a qualifi\u00e9 ce geste d'\u00a0\u00bb abomination \u00ab\u00a0.<\/p>\n\n\n\n<p>Par mesure de r\u00e9paration spirituelle, toutes les c\u00e9l\u00e9brations eucharistiques sont suspendues.<\/p>\n\n\n\n<p>Les messes seront d\u00e9sormais c\u00e9l\u00e9br\u00e9es dans la salle paroissiale. Mgr Madrape a invit\u00e9 les fid\u00e8les \u00e0 intensifier la pri\u00e8re et la p\u00e9nitence, et a ordonn\u00e9 une cat\u00e9ch\u00e8se sp\u00e9ciale sur le respect des lieux sacr\u00e9s.<\/p>\n","protected":false},"excerpt":{"rendered":"<p>Par LM L&rsquo;\u00e9v\u00eaque du dioc\u00e8se d&rsquo;Isiro-Niangara, Mgr Dieudonn\u00e9 Madrap\u00e9 Tanzi, a ordonn\u00e9, le 2 ao\u00fbt 2025, la fermeture imm\u00e9diate de l&rsquo;\u00c9glise Saint Joseph \u00c9poux de la Vierge Marie de Mangoro, \u00e0 Isiro. Cette d\u00e9cision fait suite \u00e0 un acte de profanation : des excr\u00e9ments humains ont \u00e9t\u00e9 d\u00e9couverts devant l&rsquo;autel et \u00e0 l&rsquo;entr\u00e9e de la [&hellip;]<\/p>\n","protected":false},"author":1,"featured_media":0,"comment_status":"closed","ping_status":"closed","sticky":false,"template":"","format":"standard","meta":{"footnotes":""},"categories":[134,25,36,10],"tags":[],"class_list":["post-72974","post","type-post","status-publish","format-standard","hentry","category-la-tempete-des-tropiques","category-province","category-religion","category-societe"],"_links":{"self":[{"href":"http:\/\/www.latempete.info\/index.php?rest_route=\/wp\/v2\/posts\/72974"}],"collection":[{"href":"http:\/\/www.latempete.info\/index.php?rest_route=\/wp\/v2\/posts"}],"about":[{"href":"http:\/\/www.latempete.info\/index.php?rest_route=\/wp\/v2\/types\/post"}],"author":[{"embeddable":true,"href":"http:\/\/www.latempete.info\/index.php?rest_route=\/wp\/v2\/users\/1"}],"replies":[{"embeddable":true,"href":"http:\/\/www.latempete.info\/index.php?rest_route=%2Fwp%2Fv2%2Fcomments&post=72974"}],"version-history":[{"count":1,"href":"http:\/\/www.latempete.info\/index.php?rest_route=\/wp\/v2\/posts\/72974\/revisions"}],"predecessor-version":[{"id":72975,"href":"http:\/\/www.latempete.info\/index.php?rest_route=\/wp\/v2\/posts\/72974\/revisions\/72975"}],"wp:attachment":[{"href":"http:\/\/www.latempete.info\/index.php?rest_route=%2Fwp%2Fv2%2Fmedia&parent=72974"}],"wp:term":[{"taxonomy":"category","embeddable":true,"href":"http:\/\/www.latempete.info\/index.php?rest_route=%2Fwp%2Fv2%2Fcategories&post=72974"},{"taxonomy":"post_tag","embeddable":true,"href":"http:\/\/www.latempete.info\/index.php?rest_route=%2Fwp%2Fv2%2Ftags&post=72974"}],"curies":[{"name":"wp","href":"https:\/\/api.w.org\/{rel}","templated":true}]}}