{"id":72976,"date":"2025-08-06T19:40:01","date_gmt":"2025-08-06T19:40:01","guid":{"rendered":"https:\/\/www.latempete.info\/?p=72976"},"modified":"2025-08-06T19:40:04","modified_gmt":"2025-08-06T19:40:04","slug":"tshuapa-le-president-de-lintersyndicale-de-ladministration-publique-arrete-a-boende","status":"publish","type":"post","link":"http:\/\/www.latempete.info\/?p=72976","title":{"rendered":"Tshuapa : le pr\u00e9sident de l&rsquo;intersyndicale de l&rsquo;administration publique arr\u00eat\u00e9 \u00e0 Boende"},"content":{"rendered":"\n<p>Par LM<\/p>\n\n\n\n<p>Des tirs de sommation ont retenti le 1er ao\u00fbt \u00e0 Boende, chef-lieu de la province de la Tshuapa, \u00e0 proximit\u00e9 des r\u00e9sidences du procureur g\u00e9n\u00e9ral pr\u00e8s la cour d&rsquo;appel et du pr\u00e9sident de l&rsquo;Assembl\u00e9e provinciale. \u00c0 l&rsquo;origine de cette agitation, une manifestation men\u00e9e par Marc Bofola, pr\u00e9sident de l&rsquo;intersyndicale de l&rsquo;administration publique, qui accusait ces deux autorit\u00e9s de d\u00e9tournement pr\u00e9sum\u00e9 des salaires des fonctionnaires. Les manifestants ont assi\u00e9g\u00e9 la r\u00e9sidence du procureur g\u00e9n\u00e9ral, ce qui a oblig\u00e9 le pr\u00e9sident de l&rsquo;Assembl\u00e9e provinciale de descendre sur le lieu.<\/p>\n\n\n\n<p>Arriv\u00e9 sur place, ce dernier aurait proc\u00e9d\u00e9 lui-m\u00eame \u00e0 l&rsquo;arrestation de Marc Bofola, sous les regards d&rsquo;une foule t\u00e9moin d&rsquo;un accrochage tendu entre les deux hommes. Le leader syndical a ensuite \u00e9t\u00e9 conduit \u00e0 la r\u00e9sidence du procureur, puis transf\u00e9r\u00e9 \u00e0 la prison centrale de Boende. Une audience est attendue dans les prochains jours pour d\u00e9terminer les charges retenues contre lui.<\/p>\n","protected":false},"excerpt":{"rendered":"<p>Par LM Des tirs de sommation ont retenti le 1er ao\u00fbt \u00e0 Boende, chef-lieu de la province de la Tshuapa, \u00e0 proximit\u00e9 des r\u00e9sidences du procureur g\u00e9n\u00e9ral pr\u00e8s la cour d&rsquo;appel et du pr\u00e9sident de l&rsquo;Assembl\u00e9e provinciale. \u00c0 l&rsquo;origine de cette agitation, une manifestation men\u00e9e par Marc Bofola, pr\u00e9sident de l&rsquo;intersyndicale de l&rsquo;administration publique, qui [&hellip;]<\/p>\n","protected":false},"author":1,"featured_media":0,"comment_status":"closed","ping_status":"closed","sticky":false,"template":"","format":"standard","meta":{"footnotes":""},"categories":[860,134,25,10],"tags":[],"class_list":["post-72976","post","type-post","status-publish","format-standard","hentry","category-justice","category-la-tempete-des-tropiques","category-province","category-societe"],"_links":{"self":[{"href":"http:\/\/www.latempete.info\/index.php?rest_route=\/wp\/v2\/posts\/72976"}],"collection":[{"href":"http:\/\/www.latempete.info\/index.php?rest_route=\/wp\/v2\/posts"}],"about":[{"href":"http:\/\/www.latempete.info\/index.php?rest_route=\/wp\/v2\/types\/post"}],"author":[{"embeddable":true,"href":"http:\/\/www.latempete.info\/index.php?rest_route=\/wp\/v2\/users\/1"}],"replies":[{"embeddable":true,"href":"http:\/\/www.latempete.info\/index.php?rest_route=%2Fwp%2Fv2%2Fcomments&post=72976"}],"version-history":[{"count":1,"href":"http:\/\/www.latempete.info\/index.php?rest_route=\/wp\/v2\/posts\/72976\/revisions"}],"predecessor-version":[{"id":72977,"href":"http:\/\/www.latempete.info\/index.php?rest_route=\/wp\/v2\/posts\/72976\/revisions\/72977"}],"wp:attachment":[{"href":"http:\/\/www.latempete.info\/index.php?rest_route=%2Fwp%2Fv2%2Fmedia&parent=72976"}],"wp:term":[{"taxonomy":"category","embeddable":true,"href":"http:\/\/www.latempete.info\/index.php?rest_route=%2Fwp%2Fv2%2Fcategories&post=72976"},{"taxonomy":"post_tag","embeddable":true,"href":"http:\/\/www.latempete.info\/index.php?rest_route=%2Fwp%2Fv2%2Ftags&post=72976"}],"curies":[{"name":"wp","href":"https:\/\/api.w.org\/{rel}","templated":true}]}}