{"id":73451,"date":"2025-09-03T19:49:50","date_gmt":"2025-09-03T19:49:50","guid":{"rendered":"https:\/\/www.latempete.info\/?p=73451"},"modified":"2025-09-03T19:49:53","modified_gmt":"2025-09-03T19:49:53","slug":"judith-suminwa-et-le-representant-special-de-lue-planchent-sur-la-cooperation","status":"publish","type":"post","link":"http:\/\/www.latempete.info\/?p=73451","title":{"rendered":"Judith Suminwa et le Repr\u00e9sentant sp\u00e9cial de l\u2019UE planchent sur la coop\u00e9ration"},"content":{"rendered":"\n<p>Par Tantia Sakata<\/p>\n\n\n\n<p>La Premi\u00e8re Ministre de la R\u00e9publique D\u00e9mocratique du Congo, Judith Suminwa Tuluka, a \u00e9chang\u00e9, lundi 1er septembre, dans son cabinet de travail, avec le Repr\u00e9sentant sp\u00e9cial de l\u2019Union Europ\u00e9enne pour la r\u00e9gion des Grands Lacs, Johan Borgstam. C\u2019\u00e9tait en pr\u00e9sence de la Ministre des Affaires \u00e9trang\u00e8res, Th\u00e9r\u00e8se Kayikwamba.<\/p>\n\n\n\n<p>Cette rencontre s\u2019inscrit dans le cadre du renforcement des relations entre la RDC et l\u2019UE, mais aussi dans la recherche de solutions concert\u00e9es aux d\u00e9fis s\u00e9curitaires et humanitaires dans l\u2019Est du pays. \u00ab Nous avons aussi \u00e9voqu\u00e9 avec la Premi\u00e8re Ministre la situation humanitaire dans le pays, comment collaborer pour r\u00e9soudre la situation dans l\u2019Est de la RDC. Nous avons \u00e9galement discut\u00e9 de l\u2019\u00e9tat actuel des processus de paix en cours, \u00e0 Doha et \u00e0 Washington. C\u2019\u00e9tait un honneur de m\u2019entretenir avec la Premi\u00e8re Ministre \u00bb, a d\u00e9clar\u00e9 M. Borgstam.<\/p>\n\n\n\n<p>\u00c0 l\u2019issue de l\u2019audience accord\u00e9e par la cheffe du Gouvernement congolais, M. Borgstam a indiqu\u00e9 qu\u2019ils ont eu un \u00e9change fructueux sur la coop\u00e9ration entre la RDC et l\u2019UE. \u00ab C\u2019\u00e9tait \u00e9galement l\u2019opportunit\u00e9 pour partager avec Mme la Premi\u00e8re Ministre les d\u00e9tails de mon d\u00e9placement et de mes \u00e9changes ici en RDC. Je pars mardi \u00e0 Beni, une occasion pour l\u2019UE de montrer notre solidarit\u00e9 aux autorit\u00e9s l\u00e9gitimes du pays \u00bb, a-t-il ajout\u00e9.<\/p>\n\n\n\n<p> Son d\u00e9placement \u00e0 Beni consiste, dit-il, \u00e0 t\u00e9moigner de l\u2019engagement de l\u2019Union Europ\u00e9enne aux c\u00f4t\u00e9s des de institutions congolaises dans la lutte contre l\u2019ins\u00e9curit\u00e9 persistante dans cette partie du territoire national. Pour rappel, Johan Borgstam a \u00e9t\u00e9 nomm\u00e9 en 2024 avec la mission de mettre en \u0153uvre la strat\u00e9gie renouvel\u00e9e de l\u2019Union Europ\u00e9enne pour la r\u00e9gion des Grands Lacs. Il s\u2019agit notamment de promouvoir la paix, la stabilit\u00e9 et la s\u00e9curit\u00e9 dans la r\u00e9gion, d\u2019encourager la d\u00e9sescalade politique, de favoriser un dialogue inclusif, et de soutenir les processus de m\u00e9diation r\u00e9gionale ainsi que les institutions africaines impliqu\u00e9es.<\/p>\n","protected":false},"excerpt":{"rendered":"<p>Par Tantia Sakata La Premi\u00e8re Ministre de la R\u00e9publique D\u00e9mocratique du Congo, Judith Suminwa Tuluka, a \u00e9chang\u00e9, lundi 1er septembre, dans son cabinet de travail, avec le Repr\u00e9sentant sp\u00e9cial de l\u2019Union Europ\u00e9enne pour la r\u00e9gion des Grands Lacs, Johan Borgstam. C\u2019\u00e9tait en pr\u00e9sence de la Ministre des Affaires \u00e9trang\u00e8res, Th\u00e9r\u00e8se Kayikwamba. Cette rencontre s\u2019inscrit dans [&hellip;]<\/p>\n","protected":false},"author":1,"featured_media":73452,"comment_status":"closed","ping_status":"closed","sticky":false,"template":"","format":"standard","meta":{"footnotes":""},"categories":[136,7,134,130,5,10],"tags":[],"class_list":["post-73451","post","type-post","status-publish","format-standard","has-post-thumbnail","hentry","category-a-la-une","category-economie","category-la-tempete-des-tropiques","category-nation","category-politique","category-societe"],"_links":{"self":[{"href":"http:\/\/www.latempete.info\/index.php?rest_route=\/wp\/v2\/posts\/73451"}],"collection":[{"href":"http:\/\/www.latempete.info\/index.php?rest_route=\/wp\/v2\/posts"}],"about":[{"href":"http:\/\/www.latempete.info\/index.php?rest_route=\/wp\/v2\/types\/post"}],"author":[{"embeddable":true,"href":"http:\/\/www.latempete.info\/index.php?rest_route=\/wp\/v2\/users\/1"}],"replies":[{"embeddable":true,"href":"http:\/\/www.latempete.info\/index.php?rest_route=%2Fwp%2Fv2%2Fcomments&post=73451"}],"version-history":[{"count":1,"href":"http:\/\/www.latempete.info\/index.php?rest_route=\/wp\/v2\/posts\/73451\/revisions"}],"predecessor-version":[{"id":73453,"href":"http:\/\/www.latempete.info\/index.php?rest_route=\/wp\/v2\/posts\/73451\/revisions\/73453"}],"wp:featuredmedia":[{"embeddable":true,"href":"http:\/\/www.latempete.info\/index.php?rest_route=\/wp\/v2\/media\/73452"}],"wp:attachment":[{"href":"http:\/\/www.latempete.info\/index.php?rest_route=%2Fwp%2Fv2%2Fmedia&parent=73451"}],"wp:term":[{"taxonomy":"category","embeddable":true,"href":"http:\/\/www.latempete.info\/index.php?rest_route=%2Fwp%2Fv2%2Fcategories&post=73451"},{"taxonomy":"post_tag","embeddable":true,"href":"http:\/\/www.latempete.info\/index.php?rest_route=%2Fwp%2Fv2%2Ftags&post=73451"}],"curies":[{"name":"wp","href":"https:\/\/api.w.org\/{rel}","templated":true}]}}