{"id":73762,"date":"2025-10-02T19:30:48","date_gmt":"2025-10-02T19:30:48","guid":{"rendered":"https:\/\/www.latempete.info\/?p=73762"},"modified":"2025-10-02T19:30:51","modified_gmt":"2025-10-02T19:30:51","slug":"boxe-professionnelle-victoire-de-maroy-sadiki-face-a-langolais-fernando-pedro-chipriano","status":"publish","type":"post","link":"http:\/\/www.latempete.info\/?p=73762","title":{"rendered":"Boxe professionnelle : Victoire de Maroy Sadiki face \u00e0 l\u2019Angolais Fernando Pedro Chipriano !"},"content":{"rendered":"\n<p>Par Dieudonn\u00e9 Muaka Dimbi<\/p>\n\n\n\n<p>Le Congolais Maroy Sadiki a battu l\u2019Angolais Fernando Pedro Chipriano au 8\u00e8me round, dans un combat professionnel pr\u00e9vu en 10. Cet affrontement de la cat\u00e9gorie des lourds-l\u00e9gers, a eu lieu dans la nuit du dimanche 28 septembre \u00e0 Matadi, dans la grande salle de f\u00eates de l\u2019h\u00f4tel Ledya.<\/p>\n\n\n\n<p>Fernando Pedro Chipriano n\u2019a pas pu r\u00e9sister \u00e0 la force de frappe de son adversaire, caract\u00e9ris\u00e9e par des crochets, directs et autres uppercuts lui assen\u00e9s en plein visage, par celui-l\u00e0 m\u00eame qui n\u2019a jamais conc\u00e9d\u00e9 la moindre d\u00e9faite lors tous ses combats livr\u00e9s devant son public \u00e0 Matadi. Pourtant le boxeur congolais, vivant au Kongo Central, n\u2019\u00e9tait plus mont\u00e9 sur le ring depuis pr\u00e8s d\u2019une ann\u00e9e, pour des raisons non encore \u00e9lucid\u00e9es.<\/p>\n\n\n\n<p>Par cette victoire sans panache, Maroy Sadiki a ainsi d\u00e9fi\u00e9 toutes les promesses faites, contre lui, par le champion angolais. Mais pour tous ceux qui ont v\u00e9cu ce duel de fauves, l\u2019Angolais Fernando Pedro n\u2019a pas d\u00e9m\u00e9rit\u00e9.<\/p>\n\n\n\n<p>A noter que ce combat a \u00e9t\u00e9 interpellateur pour Maroy Sadiki. Etant donn\u00e9 que ce dernier, contre toute attente, \u00e9tait all\u00e9 au-del\u00e0 de trois rounds. Ce qui, de l\u2019avis de nombreux de ses fans, para\u00eet absurde. Car, depuis l\u2019amorce de sa carri\u00e8re en boxe professionnel, il a toujours \u00ab\u00a0descendu\u00a0\u00bb ses adversaires avant les 5 premiers rounds.<\/p>\n\n\n\n<p>Comme le faisait habituellement l\u2019ancien champion du monde des poids lourds, Georges Foreman, que Mohamed Ali, alors en super forme, avait battu par K.O technique au 7\u00e8me round en 1974 \u00e0 Kinshasa.<\/p>\n\n\n\n<p>Quant aux f\u00e9rus de la boxe du Kongo Central, leur idole Maroy Sadiki devrait revoir ses calculs. Notamment en fournissant encore beaucoup plus d\u2019efforts par le renforcement des s\u00e9ances d\u2019entra\u00eenement de fa\u00e7on r\u00e9guli\u00e8re et permanente en vue de maintenir sa forme d\u2019antan et, \u00e9ventuellement, en multipliant les combats de gala contre les adversaires aguerris pour ne pas d\u00e9cevoir \u00e0 la longue. Un sage conseil \u00e0 prendre au s\u00e9rieux s\u2019il tient \u00e0 faire longue carri\u00e8re.<\/p>\n\n\n\n<p>Toutefois, coup de chapeau au champion d\u2019Afrique des lourds-l\u00e9gers qui, par sa victoire \u00e0 l\u2019arrach\u00e9 de dimanche dernier, a honor\u00e9 une fois de plus la RD. Congo, en g\u00e9n\u00e9ral, et la province du Kongo Central, en particulier.<\/p>\n\n\n\n<p>Malheureusement, les autorit\u00e9s politico-administratives de cette province, selon les propres dires de Maroy Sadiki, sur les antennes de la RTNC\/Kongo Central, n\u2019ont apport\u00e9 aucun soutien moral et financier \u00e0 ce boxeur talentueux qui a combattu avec les moyens du bord provenant de ses nombreux fans et sympathisants.<\/p>\n\n\n\n<p>Ce qui, de l\u2019avis des habitants du Kongo Central, est inconcevable. Car, abandonner un tel talent dans un combat pas n\u2019importe lequel, mais plut\u00f4t professionnel, est un crime de l\u00e8se-majest\u00e9.<\/p>\n\n\n\n<p>Maintenant qu\u2019il dit \u00eatre menac\u00e9 d\u2019arrestation pour insolvabilit\u00e9 vis-\u00e0-vis de certaines l\u2019ayant pr\u00eat\u00e9 de l\u2019argent pour la r\u00e9ussite de ce combat, il serait soit, pensent les uns et les autres, que les d\u00e9cideurs de cette province ainsi que les hommes de volont\u00e9 lui viennent en aide, ne serait-ce pour l\u2019achat des billets devant lui permettre de faire retourner tous ceux de ses fanatiques et proches venus de Kinshasa et de partout ailleurs \u00e0 l\u2019int\u00e9rieur de la province lui soutenir et qui se trouvent pr\u00e9sentement en butte \u00e0 de tr\u00e8s s\u00e9rieuses difficult\u00e9s de tr\u00e9sorerie. Cela va de la cr\u00e9dibilit\u00e9 de cette province ch\u00e8re au Proph\u00e8te Simon Kimbangu et \u00e0 Joseph Kasa-Vubu, le tout premier Pr\u00e9sident de la R\u00e9publique D\u00e9mocratique du Congo.<\/p>\n\n\n\n<p>L\u2019on croit savoir que le cri de d\u00e9tresse lanc\u00e9 par Maroy Sadiki est all\u00e9 tout droit vers les oreilles des tenants du pouvoir du Kongo Central, qui n\u2019h\u00e9siteront pas \u00e0 mettre la main \u00e0 la poche. Surtout lorsqu\u2019on sait que par sa victoire Maroy Sadiki, qui est d\u00e9j\u00e0 class\u00e9 au top 10 de meilleurs lourds-l\u00e9gers de l\u2019African Boxing Union (ABU), est d\u2019office retenu pour prendre part \u00e0 la soir\u00e9e de gala du 30 octobre prochain, consacr\u00e9e aux festivit\u00e9s des 59 ans du combat Ali-Foreman.<\/p>\n","protected":false},"excerpt":{"rendered":"<p>Par Dieudonn\u00e9 Muaka Dimbi Le Congolais Maroy Sadiki a battu l\u2019Angolais Fernando Pedro Chipriano au 8\u00e8me round, dans un combat professionnel pr\u00e9vu en 10. Cet affrontement de la cat\u00e9gorie des lourds-l\u00e9gers, a eu lieu dans la nuit du dimanche 28 septembre \u00e0 Matadi, dans la grande salle de f\u00eates de l\u2019h\u00f4tel Ledya. Fernando Pedro Chipriano [&hellip;]<\/p>\n","protected":false},"author":1,"featured_media":0,"comment_status":"closed","ping_status":"closed","sticky":false,"template":"","format":"standard","meta":{"footnotes":""},"categories":[940,134,25,6],"tags":[],"class_list":["post-73762","post","type-post","status-publish","format-standard","hentry","category-boxe","category-la-tempete-des-tropiques","category-province","category-sport"],"_links":{"self":[{"href":"http:\/\/www.latempete.info\/index.php?rest_route=\/wp\/v2\/posts\/73762"}],"collection":[{"href":"http:\/\/www.latempete.info\/index.php?rest_route=\/wp\/v2\/posts"}],"about":[{"href":"http:\/\/www.latempete.info\/index.php?rest_route=\/wp\/v2\/types\/post"}],"author":[{"embeddable":true,"href":"http:\/\/www.latempete.info\/index.php?rest_route=\/wp\/v2\/users\/1"}],"replies":[{"embeddable":true,"href":"http:\/\/www.latempete.info\/index.php?rest_route=%2Fwp%2Fv2%2Fcomments&post=73762"}],"version-history":[{"count":1,"href":"http:\/\/www.latempete.info\/index.php?rest_route=\/wp\/v2\/posts\/73762\/revisions"}],"predecessor-version":[{"id":73763,"href":"http:\/\/www.latempete.info\/index.php?rest_route=\/wp\/v2\/posts\/73762\/revisions\/73763"}],"wp:attachment":[{"href":"http:\/\/www.latempete.info\/index.php?rest_route=%2Fwp%2Fv2%2Fmedia&parent=73762"}],"wp:term":[{"taxonomy":"category","embeddable":true,"href":"http:\/\/www.latempete.info\/index.php?rest_route=%2Fwp%2Fv2%2Fcategories&post=73762"},{"taxonomy":"post_tag","embeddable":true,"href":"http:\/\/www.latempete.info\/index.php?rest_route=%2Fwp%2Fv2%2Ftags&post=73762"}],"curies":[{"name":"wp","href":"https:\/\/api.w.org\/{rel}","templated":true}]}}