{"id":73764,"date":"2025-10-03T16:58:58","date_gmt":"2025-10-03T16:58:58","guid":{"rendered":"https:\/\/www.latempete.info\/?p=73764"},"modified":"2025-10-05T17:13:36","modified_gmt":"2025-10-05T17:13:36","slug":"explosion-de-gaz-lacrymogene-dans-une-ecole-linspecteur-principal-provincial-de-lukunga-reagit","status":"publish","type":"post","link":"http:\/\/www.latempete.info\/?p=73764","title":{"rendered":"Explosion de gaz lacrymog\u00e8ne dans une \u00e9cole : l&rsquo;Inspecteur principal provincial de Lukunga r\u00e9agit"},"content":{"rendered":"\n<p>Par Tantia Sakata<\/p>\n\n\n\n<p>Dans un communiqu\u00e9 de presse publi\u00e9 le 1er octobre 2025, l&rsquo;Inspecteur Principal Provincial de l&rsquo;\u00c9ducation de Lukunga, Vital Lumbala Kadiata, a fait le point sur l&rsquo;incident survenu le matin du 30 septembre 2025 \u00e0 l&rsquo;\u00e9cole Sabrina, situ\u00e9e dans la commune de Mont-Ngafula.<\/p>\n\n\n\n<p>Selon ses d\u00e9clarations, un \u00e9l\u00e8ve de 4e ann\u00e9e commerciale a accidentellement d\u00e9clench\u00e9 une grenade lacrymog\u00e8ne dans une salle de classe. \u00a0\u00bb Le gaz s&rsquo;est rapidement r\u00e9pandu, provoquant une vive panique parmi les \u00e9l\u00e8ves et entra\u00eenant des troubles respiratoires ainsi que des malaises chez plusieurs d&rsquo;entre eux \u00ab\u00a0, a-t-il pr\u00e9cis\u00e9.<\/p>\n\n\n\n<p>Heureusement, gr\u00e2ce \u00e0 l&rsquo;intervention rapide et efficace des autorit\u00e9s scolaires, toutes les victimes ont \u00e9t\u00e9 imm\u00e9diatement transf\u00e9r\u00e9es vers des centres hospitaliers proches pour une prise en charge d&rsquo;urgence.<\/p>\n\n\n\n<p>Bilan<\/p>\n\n\n\n<p>L&rsquo;Inspecteur a rapport\u00e9 que huit enfants ont \u00e9t\u00e9 pris en charge aux Cliniques Universitaires, tandis que quatre autres ont \u00e9t\u00e9 admis dans un \u00e9tablissement m\u00e9dical voisin. \u00a0\u00bb Nous sommes soulag\u00e9s d&rsquo;annoncer que la prise en charge rapide a permis de stabiliser l&rsquo;\u00e9tat de sant\u00e9 de tous les \u00e9l\u00e8ves. D&rsquo;apr\u00e8s les rapports m\u00e9dicaux, leur \u00e9tat est encourageant et tous devraient pouvoir rentrer chez eux d&rsquo;ici ce soir ou demain \u00ab\u00a0, a-t-il d\u00e9clar\u00e9 dans le communiqu\u00e9.<\/p>\n\n\n\n<p>Une \u00e9quipe d&rsquo;enqu\u00eate de l&rsquo;Inspection de Lukunga a \u00e9t\u00e9 d\u00e9p\u00each\u00e9e sur les lieux pour analyser la situation en profondeur et d\u00e9terminer les responsabilit\u00e9s. Pour l&rsquo;heure, l&rsquo;\u00e9l\u00e8ve \u00e0 l&rsquo;origine de cet incident a \u00e9t\u00e9 remis aux autorit\u00e9s polici\u00e8res pour les suites judiciaires appropri\u00e9es. \u00a0\u00bb Des mesures disciplinaires s\u00e9v\u00e8res seront appliqu\u00e9es, et des poursuites judiciaires seront syst\u00e9matiquement engag\u00e9es contre le coupable afin que cet acte serve d&rsquo;exemple dissuasif \u00ab\u00a0, a soulign\u00e9 l&rsquo;Inspecteur principal provincial de Lukunga.<\/p>\n\n\n\n<p>Enfin, l&rsquo;Inspecteur a rappel\u00e9 avec insistance que les \u00e9tablissements scolaires doivent rester des espaces s\u00fbrs et prot\u00e9g\u00e9s. Aucune forme de violence, qu&rsquo;elle soit interne ou externe, ne sera tol\u00e9r\u00e9e.<\/p>\n","protected":false},"excerpt":{"rendered":"<p>Par Tantia Sakata Dans un communiqu\u00e9 de presse publi\u00e9 le 1er octobre 2025, l&rsquo;Inspecteur Principal Provincial de l&rsquo;\u00c9ducation de Lukunga, Vital Lumbala Kadiata, a fait le point sur l&rsquo;incident survenu le matin du 30 septembre 2025 \u00e0 l&rsquo;\u00e9cole Sabrina, situ\u00e9e dans la commune de Mont-Ngafula. Selon ses d\u00e9clarations, un \u00e9l\u00e8ve de 4e ann\u00e9e commerciale a [&hellip;]<\/p>\n","protected":false},"author":1,"featured_media":73765,"comment_status":"closed","ping_status":"closed","sticky":false,"template":"","format":"standard","meta":{"footnotes":""},"categories":[136,134,25,10],"tags":[],"class_list":["post-73764","post","type-post","status-publish","format-standard","has-post-thumbnail","hentry","category-a-la-une","category-la-tempete-des-tropiques","category-province","category-societe"],"_links":{"self":[{"href":"http:\/\/www.latempete.info\/index.php?rest_route=\/wp\/v2\/posts\/73764"}],"collection":[{"href":"http:\/\/www.latempete.info\/index.php?rest_route=\/wp\/v2\/posts"}],"about":[{"href":"http:\/\/www.latempete.info\/index.php?rest_route=\/wp\/v2\/types\/post"}],"author":[{"embeddable":true,"href":"http:\/\/www.latempete.info\/index.php?rest_route=\/wp\/v2\/users\/1"}],"replies":[{"embeddable":true,"href":"http:\/\/www.latempete.info\/index.php?rest_route=%2Fwp%2Fv2%2Fcomments&post=73764"}],"version-history":[{"count":1,"href":"http:\/\/www.latempete.info\/index.php?rest_route=\/wp\/v2\/posts\/73764\/revisions"}],"predecessor-version":[{"id":73766,"href":"http:\/\/www.latempete.info\/index.php?rest_route=\/wp\/v2\/posts\/73764\/revisions\/73766"}],"wp:featuredmedia":[{"embeddable":true,"href":"http:\/\/www.latempete.info\/index.php?rest_route=\/wp\/v2\/media\/73765"}],"wp:attachment":[{"href":"http:\/\/www.latempete.info\/index.php?rest_route=%2Fwp%2Fv2%2Fmedia&parent=73764"}],"wp:term":[{"taxonomy":"category","embeddable":true,"href":"http:\/\/www.latempete.info\/index.php?rest_route=%2Fwp%2Fv2%2Fcategories&post=73764"},{"taxonomy":"post_tag","embeddable":true,"href":"http:\/\/www.latempete.info\/index.php?rest_route=%2Fwp%2Fv2%2Ftags&post=73764"}],"curies":[{"name":"wp","href":"https:\/\/api.w.org\/{rel}","templated":true}]}}