{"id":73784,"date":"2025-10-03T18:30:36","date_gmt":"2025-10-03T18:30:36","guid":{"rendered":"https:\/\/www.latempete.info\/?p=73784"},"modified":"2025-10-05T18:33:55","modified_gmt":"2025-10-05T18:33:55","slug":"la-rdc-determinee-a-finaliser-le-projet-de-code-forestier-congolais","status":"publish","type":"post","link":"http:\/\/www.latempete.info\/?p=73784","title":{"rendered":"La RDC d\u00e9termin\u00e9e \u00e0 finaliser le projet de code forestier congolais"},"content":{"rendered":"\n<p>Selon la ministre de l&rsquo;Environnement, ce projet sera pr\u00e9sent\u00e9 en novembre prochain lors de la COP30 \u00e0 Bel\u00e9m, au Br\u00e9sil<\/p>\n\n\n\n<p>Par Carroll MADIYA<\/p>\n\n\n\n<p>La ministre de l&rsquo;Environnement, du d\u00e9veloppement et de la nouvelle \u00e9conomie du climat, Marie Nyange Ndambo, annonce la finalisation du projet de code forestier. Elle s&rsquo;est entretenue, le mercredi 1 octobre 2025, avec le Directeur de l&rsquo;Agence fran\u00e7aise de d\u00e9veloppement (AFD) \u00e0 Kinshasa, Herv\u00e9 Conan. Une r\u00e9union qui fait suite \u00e0 une rencontre pr\u00e9c\u00e9dente avec l&rsquo;ambassadeur de France, visant \u00e0 explorer des voies de collaboration entre l&rsquo;AFD et le minist\u00e8re pour soutenir l&rsquo;\u00e9laboration d&rsquo;une politique nationale foresti\u00e8re. La ministre a confirm\u00e9 son engagement \u00e0 finaliser la politique nationale foresti\u00e8re, avec un projet de texte qui sera pr\u00e9sent\u00e9 en novembre prochain lors de la COP30 \u00e0 Bel\u00e9m, au Br\u00e9sil.<\/p>\n\n\n\n<p>Cet \u00e9v\u00e9nement est primordial, notamment parce que la RDC, souvent d\u00e9sign\u00e9e comme \u00ab\u00a0pays solution\u00a0\u00bb, ambitionne d&rsquo;atteindre la neutralit\u00e9 carbone d&rsquo;ici 2050 gr\u00e2ce \u00e0 ses vastes for\u00eats qui repr\u00e9sentent le deuxi\u00e8me domaine forestier mondial apr\u00e8s l&rsquo;Amazonie.<\/p>\n\n\n\n<p>La RDC, avec son immense potentiel de CO2, est au c\u0153ur des enjeux mondiaux environnementaux li\u00e9s aux for\u00eats. La COP30, qui aura lieu dans la r\u00e9gion de l&rsquo;Amazonie, sera une plateforme cl\u00e9 pour pr\u00e9senter les initiatives congolaises en mati\u00e8re de gestion foresti\u00e8re.<\/p>\n\n\n\n<p>Concernant la mise en \u0153uvre d&rsquo;un code forestier, ce document repr\u00e9sente un jalon essentiel dans le programme de r\u00e9forme ax\u00e9 sur la gouvernance foresti\u00e8re et environnementale. Il sera indispensable pour formaliser un cadre propice \u00e0 la captation du CO2 et pour acc\u00e9der aux financements li\u00e9s \u00e0 la nouvelle \u00e9conomie du climat, notamment \u00e0 travers le cr\u00e9dit carbone. Ces financements permettront de soutenir les services \u00e9conomiques environnementaux que la RDC est en mesure d&rsquo;offrir au reste du monde. Les deux parties ont convenu de l&rsquo;importance d&rsquo;un environnement l\u00e9gal solide pour favoriser ces initiatives.<\/p>\n\n\n\n<p>Herv\u00e9 Conan a exprim\u00e9 sa volont\u00e9 de collaborer \u00e9troitement avec le minist\u00e8re pour garantir un soutien efficace dans l&rsquo;atteinte des objectifs ambitieux concernant la politique nationale foresti\u00e8re ainsi que le code forestier. L&rsquo;engagement du Gouvernement congolais \u00e0 pr\u00e9senter un draft de sa politique nationale \u00e0 Bel\u00e9m sera un moment charni\u00e8re, permettant \u00e0 la RDC de s&rsquo;affirmer comme un acteur cl\u00e9 dans la lutte contre le changement climatique. La r\u00e9union de mercredi souligne ainsi la volont\u00e9 de la RDC et de l&rsquo;AFD de s&rsquo;unir pour prot\u00e9ger les for\u00eats, tout en faisant face aux enjeux \u00e9cologiques pressants que le pays et le monde entier doivent relever.<\/p>\n","protected":false},"excerpt":{"rendered":"<p>Selon la ministre de l&rsquo;Environnement, ce projet sera pr\u00e9sent\u00e9 en novembre prochain lors de la COP30 \u00e0 Bel\u00e9m, au Br\u00e9sil Par Carroll MADIYA La ministre de l&rsquo;Environnement, du d\u00e9veloppement et de la nouvelle \u00e9conomie du climat, Marie Nyange Ndambo, annonce la finalisation du projet de code forestier. Elle s&rsquo;est entretenue, le mercredi 1 octobre 2025, [&hellip;]<\/p>\n","protected":false},"author":1,"featured_media":73785,"comment_status":"closed","ping_status":"closed","sticky":false,"template":"","format":"standard","meta":{"footnotes":""},"categories":[37,134,10],"tags":[],"class_list":["post-73784","post","type-post","status-publish","format-standard","has-post-thumbnail","hentry","category-environnement","category-la-tempete-des-tropiques","category-societe"],"_links":{"self":[{"href":"http:\/\/www.latempete.info\/index.php?rest_route=\/wp\/v2\/posts\/73784"}],"collection":[{"href":"http:\/\/www.latempete.info\/index.php?rest_route=\/wp\/v2\/posts"}],"about":[{"href":"http:\/\/www.latempete.info\/index.php?rest_route=\/wp\/v2\/types\/post"}],"author":[{"embeddable":true,"href":"http:\/\/www.latempete.info\/index.php?rest_route=\/wp\/v2\/users\/1"}],"replies":[{"embeddable":true,"href":"http:\/\/www.latempete.info\/index.php?rest_route=%2Fwp%2Fv2%2Fcomments&post=73784"}],"version-history":[{"count":1,"href":"http:\/\/www.latempete.info\/index.php?rest_route=\/wp\/v2\/posts\/73784\/revisions"}],"predecessor-version":[{"id":73786,"href":"http:\/\/www.latempete.info\/index.php?rest_route=\/wp\/v2\/posts\/73784\/revisions\/73786"}],"wp:featuredmedia":[{"embeddable":true,"href":"http:\/\/www.latempete.info\/index.php?rest_route=\/wp\/v2\/media\/73785"}],"wp:attachment":[{"href":"http:\/\/www.latempete.info\/index.php?rest_route=%2Fwp%2Fv2%2Fmedia&parent=73784"}],"wp:term":[{"taxonomy":"category","embeddable":true,"href":"http:\/\/www.latempete.info\/index.php?rest_route=%2Fwp%2Fv2%2Fcategories&post=73784"},{"taxonomy":"post_tag","embeddable":true,"href":"http:\/\/www.latempete.info\/index.php?rest_route=%2Fwp%2Fv2%2Ftags&post=73784"}],"curies":[{"name":"wp","href":"https:\/\/api.w.org\/{rel}","templated":true}]}}