{"id":73982,"date":"2025-10-14T19:31:53","date_gmt":"2025-10-14T19:31:53","guid":{"rendered":"https:\/\/www.latempete.info\/?p=73982"},"modified":"2025-10-14T19:31:55","modified_gmt":"2025-10-14T19:31:55","slug":"lutte-contre-linsecurite-alimentaire-lula-presente-au-pape-les-actions-menees-au-bresil","status":"publish","type":"post","link":"http:\/\/www.latempete.info\/?p=73982","title":{"rendered":"Lutte contre l\u2019ins\u00e9curit\u00e9 alimentaire : Lula pr\u00e9sente au Pape les actions men\u00e9es au Br\u00e9sil"},"content":{"rendered":"\n<p>Par Carroll MADIYA<\/p>\n\n\n\n<p>Le Pape L\u00e9on XIV a re\u00e7u en visite priv\u00e9e, hier lundi 13 octobre au Vatican, le pr\u00e9sident de la R\u00e9publique f\u00e9d\u00e9rative du Br\u00e9sil, Luiz In\u00e1cio Lula da Silva, accompagn\u00e9 de la premi\u00e8re dame, Janja Lula da Silva. Sur ses r\u00e9seaux sociaux, Luiz In\u00e1cio Lula da Silva a rapport\u00e9 que lors de l\u2019audience, des th\u00e8mes tels que la foi, la justice sociale et la lutte contre la faim avaient \u00e9t\u00e9 abord\u00e9s.<\/p>\n\n\n\n<p>Le pr\u00e9sident Lula a exprim\u00e9 au Souverain pontife sa reconnaissance pour l\u2019exhortation apostolique Dilexi Te, soulignant le message central du document sur l\u2019indissociabilit\u00e9 entre la foi et l\u2019engagement envers les plus pauvres. \u00ab Je lui ai dit que nous devons cr\u00e9er un vaste mouvement d\u2019indignation contre les in\u00e9galit\u00e9s et je consid\u00e8re ce document comme une r\u00e9f\u00e9rence, qui doit \u00eatre lu et mis en pratique par tous\u00bb, a-t-il \u00e9crit.<\/p>\n\n\n\n<p>Un combat contre la faim<\/p>\n\n\n\n<p>La visite du pr\u00e9sident br\u00e9silien en Italie s\u2019inscrit dans le cadre de son agenda au Forum mondial de l\u2019alimentation 2025, organis\u00e9 par l\u2019Organisation des Nations unies pour l\u2019alimentation et l\u2019agriculture (FAO), qui c\u00e9l\u00e8bre cette ann\u00e9e son 80e anniversaire. L\u2019\u00e9v\u00e9nement est directement li\u00e9 \u00e0 l\u2019initiative Alliance mondiale contre la faim et la pauvret\u00e9, lanc\u00e9e avec le soutien du Br\u00e9sil.<\/p>\n\n\n\n<p>Luiz In\u00e1cio Lula da Silva a d\u00e9clar\u00e9 avoir fait part au Pape des actions men\u00e9es par son gouvernement pour surmonter l\u2019ins\u00e9curit\u00e9 alimentaire: \u00ab J\u2019ai parl\u00e9 au Pape de ma participation aujourd\u2019hui \u00e0 la r\u00e9union de la FAO et de la mani\u00e8re dont, en deux ans et demi, nous avons retir\u00e9 pour la deuxi\u00e8me fois le Br\u00e9sil de la carte de la faim. Et maintenant, nous portons ce d\u00e9bat \u00e0 l\u2019\u00e9chelle mondiale par le biais de l\u2019Alliance mondiale contre la faim et la pauvret\u00e9\u00bb.<\/p>\n\n\n\n<p>Le Pape invit\u00e9 au Br\u00e9sil<\/p>\n\n\n\n<p>Au cours de l\u2019audience, le pr\u00e9sident a invit\u00e9 le Pape L\u00e9on XIV \u00e0 participer \u00e0 la COP30, qui se tiendra \u00e0 Bel\u00e9m, dans l\u2019\u00c9tat du Par\u00e1. Le Souverain pontife a expliqu\u00e9 qu\u2019en raison des c\u00e9l\u00e9brations du Jubil\u00e9, il ne pourrait pas y assister en personne, mais a assur\u00e9 la pr\u00e9sence d\u2019une d\u00e9l\u00e9gation du Vatican \u00e0 l\u2019\u00e9v\u00e9nement. Le pr\u00e9sident br\u00e9silien a \u00e9galement soulign\u00e9 sa joie d\u2019apprendre l\u2019intention du Saint-P\u00e8re de se rendre au Br\u00e9sil en temps opportun. \u00ab Il sera tr\u00e8s bien accueilli, avec l\u2019affection, l\u2019hospitalit\u00e9 et la foi du peuple br\u00e9silien\u00bb, a-t-il d\u00e9clar\u00e9.<\/p>\n","protected":false},"excerpt":{"rendered":"<p>Par Carroll MADIYA Le Pape L\u00e9on XIV a re\u00e7u en visite priv\u00e9e, hier lundi 13 octobre au Vatican, le pr\u00e9sident de la R\u00e9publique f\u00e9d\u00e9rative du Br\u00e9sil, Luiz In\u00e1cio Lula da Silva, accompagn\u00e9 de la premi\u00e8re dame, Janja Lula da Silva. Sur ses r\u00e9seaux sociaux, Luiz In\u00e1cio Lula da Silva a rapport\u00e9 que lors de l\u2019audience, [&hellip;]<\/p>\n","protected":false},"author":1,"featured_media":0,"comment_status":"closed","ping_status":"closed","sticky":false,"template":"","format":"standard","meta":{"footnotes":""},"categories":[134,25,10],"tags":[],"class_list":["post-73982","post","type-post","status-publish","format-standard","hentry","category-la-tempete-des-tropiques","category-province","category-societe"],"_links":{"self":[{"href":"http:\/\/www.latempete.info\/index.php?rest_route=\/wp\/v2\/posts\/73982"}],"collection":[{"href":"http:\/\/www.latempete.info\/index.php?rest_route=\/wp\/v2\/posts"}],"about":[{"href":"http:\/\/www.latempete.info\/index.php?rest_route=\/wp\/v2\/types\/post"}],"author":[{"embeddable":true,"href":"http:\/\/www.latempete.info\/index.php?rest_route=\/wp\/v2\/users\/1"}],"replies":[{"embeddable":true,"href":"http:\/\/www.latempete.info\/index.php?rest_route=%2Fwp%2Fv2%2Fcomments&post=73982"}],"version-history":[{"count":1,"href":"http:\/\/www.latempete.info\/index.php?rest_route=\/wp\/v2\/posts\/73982\/revisions"}],"predecessor-version":[{"id":73983,"href":"http:\/\/www.latempete.info\/index.php?rest_route=\/wp\/v2\/posts\/73982\/revisions\/73983"}],"wp:attachment":[{"href":"http:\/\/www.latempete.info\/index.php?rest_route=%2Fwp%2Fv2%2Fmedia&parent=73982"}],"wp:term":[{"taxonomy":"category","embeddable":true,"href":"http:\/\/www.latempete.info\/index.php?rest_route=%2Fwp%2Fv2%2Fcategories&post=73982"},{"taxonomy":"post_tag","embeddable":true,"href":"http:\/\/www.latempete.info\/index.php?rest_route=%2Fwp%2Fv2%2Ftags&post=73982"}],"curies":[{"name":"wp","href":"https:\/\/api.w.org\/{rel}","templated":true}]}}