{"id":73984,"date":"2025-10-14T19:52:40","date_gmt":"2025-10-14T19:52:40","guid":{"rendered":"https:\/\/www.latempete.info\/?p=73984"},"modified":"2025-10-14T19:53:52","modified_gmt":"2025-10-14T19:53:52","slug":"exposition-en-hommage-au-marechal-du-zaire-16-au-30-octobre-a-kinshasa-que-veut-la-famille-de-lancien-president-mobutu","status":"publish","type":"post","link":"http:\/\/www.latempete.info\/?p=73984","title":{"rendered":"Exposition en hommage au Mar\u00e9chal du Za\u00efre 16 au 30 octobre \u00e0 Kinshasa : que veut la famille de l&rsquo;ancien Pr\u00e9sident Mobutu ?"},"content":{"rendered":"\n<p>Par Marcel Tshishiku<\/p>\n\n\n\n<p>Cit\u00e9e par yabisonews.cd, la direction du Mus\u00e9e national de la R\u00e9publique D\u00e9mocratique du Congo (MNRDC) de Kinshasa, a annonc\u00e9 une \u00a0\u00bb grande \u00a0\u00bb exposition intitul\u00e9e \u00a0\u00bb Mobutu : Une vie, un destin \u00ab\u00a0, \u00e0 l&rsquo;honneur de l&rsquo;ex Pr\u00e9sident Mobutu Sese Seko. Cette exposition est pr\u00e9vue du 16 au 30 octobre 2025, dans cet \u00e9tablissement o\u00f9 sont rassembl\u00e9es et class\u00e9es des collections d&rsquo;objets d&rsquo;int\u00e9r\u00eat historique et artistique.<\/p>\n\n\n\n<p>Le Mar\u00e9chal Mobutu Sese Seko Kuku Ngbendu wa Za Banga est le deuxi\u00e8me Pr\u00e9sident de l&rsquo;histoire de la R\u00e9publique du Za\u00efre, redevenue R\u00e9publique D\u00e9mocratique du Congo en 1997. Il a gouvern\u00e9 le pays de 1965 \u00e0 1997, soit 32 ans de pouvoir.<\/p>\n\n\n\n<p>Apr\u00e8s la chute de son r\u00e9gime en 1997, il est all\u00e9 mourir \u00e0 l&rsquo;\u00e2ge de 66 ans, loin de son pays, au Maroc. \u00c0 ce jour, sa veuve, Bobi Ladawa, 80 ans,vit d\u00e9sormais en RD Congo.<br>\u00c0 en croire certains observateurs, cette exposition fera revivre les Kinois et la nouvelle g\u00e9n\u00e9ration l&rsquo;image de celui qui avait marqu\u00e9 son empreinte avec rigueur.<\/p>\n\n\n\n<p>Autorisation pr\u00e9alable de la famille<\/p>\n\n\n\n<p>La source ajoute, n\u00e9anmoins, que l&rsquo;un des fils du d\u00e9funt Mar\u00e9chal, Joseph Zebai Mubutu, a formellement saisi la ministre de la Culture, Yolande Elebe Ma Ndembo, au nom de toute la famille pour demander la suspension de cet \u00e9v\u00e9nement, pour manque d&rsquo;autorisation familiale. Alors que cette initiative serait port\u00e9e par Nzanga Mobutu, aussi l&rsquo;enfant de l&rsquo;illustre disparu, la famille de son c\u00f4t\u00e9, parle d&rsquo;une initiative autour de l&rsquo;effigie, de l&rsquo;image, \u00e9galement des objets personnels et du patrimoine symbolique de leur p\u00e8re, \u00a0\u00bb sans concertation, ni approbation familiale obtenue \u00ab\u00a0.<\/p>\n\n\n\n<p>\u00a0\u00bb Or, il s&rsquo;agit l\u00e0 d&rsquo;un patrimoine moral et historique dont la gestion engage la m\u00e9moire collective du peuple congolais, mais aussi le respect d\u00fb \u00e0 sa famille biologique \u00ab\u00a0, rappelle dans une correspondance dont une copie est parvenue ce dimanche \u00e0 la r\u00e9daction de Yabisonews.cd.<\/p>\n\n\n\n<p>Et d&rsquo;ajouter : \u00a0\u00bb aucune l\u00e9gitimit\u00e9 ne saurait \u00eatre reconnue \u00e0 une initiative isol\u00e9e, surtout lorsqu&rsquo;elle risque de cr\u00e9er la confusion et d&rsquo;exploiter \u00e0 des fins financi\u00e8res l&rsquo;image du Mar\u00e9chal, par le biais d&rsquo;appels de fonds et d&rsquo;invitations \u00e0 contribution sans cadre officiel ni transparence. De telles d\u00e9marches portent atteinte \u00e0 la dignit\u00e9 posthume de l&rsquo;illustre disparu et exposent son nom \u00e0 des instrumentalisations contraires \u00e0 l&rsquo;esprit de coh\u00e9sion nationale qu&rsquo;il a toujours pr\u00f4n\u00e9 \u00ab\u00a0.<\/p>\n\n\n\n<p>La famille enti\u00e8re demande alors la suspension de ladite exposition dont l&rsquo;objet serait de retracer la vie de celui qui avait dirig\u00e9 la R\u00e9publique d\u00e9mocratique du Congo durant plus de 30 ans (1965 \u00e0 1997) \u00e0 l&rsquo;\u00e9poque de Za\u00efre, \u00a0\u00bb jusqu&rsquo;\u00e0 ce qu&rsquo;un cadre de concertation familiale soit \u00e9tabli \u00ab\u00a0.<\/p>\n","protected":false},"excerpt":{"rendered":"<p>Par Marcel Tshishiku Cit\u00e9e par yabisonews.cd, la direction du Mus\u00e9e national de la R\u00e9publique D\u00e9mocratique du Congo (MNRDC) de Kinshasa, a annonc\u00e9 une \u00a0\u00bb grande \u00a0\u00bb exposition intitul\u00e9e \u00a0\u00bb Mobutu : Une vie, un destin \u00ab\u00a0, \u00e0 l&rsquo;honneur de l&rsquo;ex Pr\u00e9sident Mobutu Sese Seko. Cette exposition est pr\u00e9vue du 16 au 30 octobre 2025, dans [&hellip;]<\/p>\n","protected":false},"author":1,"featured_media":24882,"comment_status":"closed","ping_status":"closed","sticky":false,"template":"","format":"standard","meta":{"footnotes":""},"categories":[136,134,130,5],"tags":[],"class_list":["post-73984","post","type-post","status-publish","format-standard","has-post-thumbnail","hentry","category-a-la-une","category-la-tempete-des-tropiques","category-nation","category-politique"],"_links":{"self":[{"href":"http:\/\/www.latempete.info\/index.php?rest_route=\/wp\/v2\/posts\/73984"}],"collection":[{"href":"http:\/\/www.latempete.info\/index.php?rest_route=\/wp\/v2\/posts"}],"about":[{"href":"http:\/\/www.latempete.info\/index.php?rest_route=\/wp\/v2\/types\/post"}],"author":[{"embeddable":true,"href":"http:\/\/www.latempete.info\/index.php?rest_route=\/wp\/v2\/users\/1"}],"replies":[{"embeddable":true,"href":"http:\/\/www.latempete.info\/index.php?rest_route=%2Fwp%2Fv2%2Fcomments&post=73984"}],"version-history":[{"count":1,"href":"http:\/\/www.latempete.info\/index.php?rest_route=\/wp\/v2\/posts\/73984\/revisions"}],"predecessor-version":[{"id":73985,"href":"http:\/\/www.latempete.info\/index.php?rest_route=\/wp\/v2\/posts\/73984\/revisions\/73985"}],"wp:featuredmedia":[{"embeddable":true,"href":"http:\/\/www.latempete.info\/index.php?rest_route=\/wp\/v2\/media\/24882"}],"wp:attachment":[{"href":"http:\/\/www.latempete.info\/index.php?rest_route=%2Fwp%2Fv2%2Fmedia&parent=73984"}],"wp:term":[{"taxonomy":"category","embeddable":true,"href":"http:\/\/www.latempete.info\/index.php?rest_route=%2Fwp%2Fv2%2Fcategories&post=73984"},{"taxonomy":"post_tag","embeddable":true,"href":"http:\/\/www.latempete.info\/index.php?rest_route=%2Fwp%2Fv2%2Ftags&post=73984"}],"curies":[{"name":"wp","href":"https:\/\/api.w.org\/{rel}","templated":true}]}}