{"id":74352,"date":"2025-11-04T19:07:48","date_gmt":"2025-11-04T19:07:48","guid":{"rendered":"https:\/\/www.latempete.info\/?p=74352"},"modified":"2025-11-04T19:07:52","modified_gmt":"2025-11-04T19:07:52","slug":"sommet-mondial-de-lonu-pour-le-developpement-social-le-discours-de-felix-tshisekedi-a-doha-tres-attendu","status":"publish","type":"post","link":"http:\/\/www.latempete.info\/?p=74352","title":{"rendered":"Sommet mondial de l&rsquo;ONU pour le d\u00e9veloppement social : Le discours de F\u00e9lix Tshisekedi \u00e0 Doha tr\u00e8s attendu"},"content":{"rendered":"\n<p>Par Carroll MADIYA<\/p>\n\n\n\n<p>Le Pr\u00e9sident de la R\u00e9publique, F\u00e9lix Antoine Tshisekedi Tshilombo, va prendre part au deuxi\u00e8me Sommet mondial pour le d\u00e9veloppement social qui s&rsquo;ouvre ce mardi 4 novembre 2025 \u00e0 Doha au Qatar.<\/p>\n\n\n\n<p>Organis\u00e9 du 4 au 6 novembre 2025 sous l&rsquo;\u00e9gide de l&rsquo;Assembl\u00e9e g\u00e9n\u00e9rale des Nations-Unies, ce sommet va permettre aux Chefs d&rsquo;\u00c9tat et de Gouvernement, aux d\u00e9cideurs et autres organisations humanitaires de r\u00e9fl\u00e9chir sur les moyens de lutter efficacement contre la pauvret\u00e9, les in\u00e9galit\u00e9s et l&rsquo;exclusion sociale. Il sera \u00e9galement l&rsquo;occasion pour les participants de voir comment promouvoir le travail d\u00e9cent et faire progresser la justice sociale, la solidarit\u00e9 et l&rsquo;\u00e9galit\u00e9.<\/p>\n\n\n\n<p>La R\u00e9publique D\u00e9mocratique du Congo (RDC) est au centre de plusieurs enjeux mondiaux et la voix de son Pr\u00e9sident est tr\u00e8s sollicit\u00e9e dans tous les grands forums. C&rsquo;est dans ce cadre que le Pr\u00e9sident Tshisekedi s\u00e9journe depuis dimanche 2 novembre \u00e0 Doha.<\/p>\n\n\n\n<p>Chaleureusement accueilli par les autorit\u00e9s qataries, le Chef de l&rsquo;\u00c9tat et la distingu\u00e9e Premi\u00e8re dame, Denise Nyakeru, attendent ces importantes assises qui constituent une opportunit\u00e9 de plus pour le Chef de l&rsquo;\u00c9tat de plaider en faveur de la RDC durement frapp\u00e9e par une crise s\u00e9curitaire et humanitaire provoqu\u00e9e par la guerre de pr\u00e9dation du Rwanda.<\/p>\n\n\n\n<p>Du haut de la tribune du Centre national des congr\u00e8s du Qatar, le Pr\u00e9sident de la R\u00e9publique va s&rsquo;appesantir sur les cons\u00e9quences d\u00e9sastreuses cr\u00e9\u00e9es par le Rwanda et la coalition AFC\/M23.<\/p>\n\n\n\n<p>Une rencontre avec les autorit\u00e9s du Qatar<\/p>\n\n\n\n<p>En r\u00e9pondant \u00e0 l&rsquo;invitation de l&rsquo;\u00c9mir du Qatar, le Pr\u00e9sident de la R\u00e9publique veut aussi remercier la monarchie du golfe pour ses inlassables efforts de m\u00e9diation qu&rsquo;elle a entrepris depuis plusieurs mois en faveur d&rsquo;une paix durable dans la partie Est de la RDC.<\/p>\n\n\n\n<p>Au cours de cette visite de travail de 48 heures, le Chef de l&rsquo;\u00c9tat entend rencontrer les autorit\u00e9s du Qatar pour \u00e9voquer des questions bilat\u00e9rales. \u00c0 travers sa multinationale DP World, le Qatar s&rsquo;est engag\u00e9 \u00e0 construire le port en eaux profondes de Banana aux larges de l&rsquo;oc\u00e9an Atlantique.<\/p>\n","protected":false},"excerpt":{"rendered":"<p>Par Carroll MADIYA Le Pr\u00e9sident de la R\u00e9publique, F\u00e9lix Antoine Tshisekedi Tshilombo, va prendre part au deuxi\u00e8me Sommet mondial pour le d\u00e9veloppement social qui s&rsquo;ouvre ce mardi 4 novembre 2025 \u00e0 Doha au Qatar. Organis\u00e9 du 4 au 6 novembre 2025 sous l&rsquo;\u00e9gide de l&rsquo;Assembl\u00e9e g\u00e9n\u00e9rale des Nations-Unies, ce sommet va permettre aux Chefs d&rsquo;\u00c9tat [&hellip;]<\/p>\n","protected":false},"author":1,"featured_media":74353,"comment_status":"closed","ping_status":"closed","sticky":false,"template":"","format":"standard","meta":{"footnotes":""},"categories":[136,7,134,130,5],"tags":[],"class_list":["post-74352","post","type-post","status-publish","format-standard","has-post-thumbnail","hentry","category-a-la-une","category-economie","category-la-tempete-des-tropiques","category-nation","category-politique"],"_links":{"self":[{"href":"http:\/\/www.latempete.info\/index.php?rest_route=\/wp\/v2\/posts\/74352"}],"collection":[{"href":"http:\/\/www.latempete.info\/index.php?rest_route=\/wp\/v2\/posts"}],"about":[{"href":"http:\/\/www.latempete.info\/index.php?rest_route=\/wp\/v2\/types\/post"}],"author":[{"embeddable":true,"href":"http:\/\/www.latempete.info\/index.php?rest_route=\/wp\/v2\/users\/1"}],"replies":[{"embeddable":true,"href":"http:\/\/www.latempete.info\/index.php?rest_route=%2Fwp%2Fv2%2Fcomments&post=74352"}],"version-history":[{"count":1,"href":"http:\/\/www.latempete.info\/index.php?rest_route=\/wp\/v2\/posts\/74352\/revisions"}],"predecessor-version":[{"id":74354,"href":"http:\/\/www.latempete.info\/index.php?rest_route=\/wp\/v2\/posts\/74352\/revisions\/74354"}],"wp:featuredmedia":[{"embeddable":true,"href":"http:\/\/www.latempete.info\/index.php?rest_route=\/wp\/v2\/media\/74353"}],"wp:attachment":[{"href":"http:\/\/www.latempete.info\/index.php?rest_route=%2Fwp%2Fv2%2Fmedia&parent=74352"}],"wp:term":[{"taxonomy":"category","embeddable":true,"href":"http:\/\/www.latempete.info\/index.php?rest_route=%2Fwp%2Fv2%2Fcategories&post=74352"},{"taxonomy":"post_tag","embeddable":true,"href":"http:\/\/www.latempete.info\/index.php?rest_route=%2Fwp%2Fv2%2Ftags&post=74352"}],"curies":[{"name":"wp","href":"https:\/\/api.w.org\/{rel}","templated":true}]}}