{"id":74486,"date":"2025-11-11T19:02:06","date_gmt":"2025-11-11T19:02:06","guid":{"rendered":"https:\/\/www.latempete.info\/?p=74486"},"modified":"2025-11-11T19:02:09","modified_gmt":"2025-11-11T19:02:09","slug":"roger-lumbala-arrete-en-france-ses-partisans-reclament-son-extradition-vers-la-rdc","status":"publish","type":"post","link":"http:\/\/www.latempete.info\/?p=74486","title":{"rendered":"Roger Lumbala arr\u00eat\u00e9 en France, ses partisans r\u00e9clament son extradition vers la RDC"},"content":{"rendered":"\n<p>Par Thony Kambila<\/p>\n\n\n\n<p>Les partisans de l\u2019ancien ministre de Commerce ext\u00e9rieur, Roger Lumbala, arr\u00eat\u00e9 en France depuis 2021 pour complicit\u00e9 des crimes contre l\u2019humanit\u00e9, ont r\u00e9clam\u00e9 son extradition, pour \u00eatre jug\u00e9 en R\u00e9publique d\u00e9mocratique du Congo. C\u2019\u00e9tait lors d\u2019une marche organis\u00e9e hier lundi 10 novembre \u00e0 Kinshasa.<\/p>\n\n\n\n<p>Selon Me Lord Ilanga, secr\u00e9taire ex\u00e9cutif du RCD-N, cette marche est organis\u00e9e pour r\u00e9clamer l\u2019extradition sans condition de Roger Lumbala Tshitenge, autorit\u00e9 morale du Rassemblement congolais pour la d\u00e9mocratie nationale (RCD-N) arr\u00eat\u00e9 depuis le 02 janvier 2021 en France pour y \u00eatre jug\u00e9 alors qu\u2019il est Congolais.<\/p>\n\n\n\n<p>\u00ab Raison pour laquelle nous allons \u00e0 l\u2019ambassade de la France pour que notre chef soit extrad\u00e9 afin d\u2019\u00eatre jug\u00e9 en RDC, conform\u00e9ment aux textes internationaux qui reconnaissent la souverainet\u00e9 de notre pays et qu\u2019il y a d\u00e9j\u00e0 trois r\u00e9clamations de la RDC mais cela demeure sans suite \u00bb, a-t-il ajout\u00e9.<\/p>\n\n\n\n<p>Des faits commis sur le sol congolais<\/p>\n\n\n\n<p>Lord Ilanga a affirm\u00e9 que les faits reproch\u00e9s \u00e0 Roger Lumbala ont \u00e9t\u00e9 commis sur le sol congolais et non fran\u00e7ais, et la France ne doit pas se substituer \u00e0 la RDC pour juger un Congolais sans l\u2019aval de son pays d\u2019origine. \u00ab C\u2019est inacceptable et dans notre m\u00e9morandum d\u00e9pos\u00e9 \u00e0 l\u2019ambassade, nous avons \u00e9t\u00e9 clair sur ce point, la France doit s\u2019occuper de ses propres affaires et laisser la RDC faire les siennes \u00bb, a-t-il dit.<\/p>\n\n\n\n<p>L\u2019homme a rappel\u00e9 que les lettres \u00e9crites, sur instruction du pr\u00e9sident F\u00e9lix Tshisekedi au gouvernement congolais, et adress\u00e9es \u00e0 la France pour extrader Roger Lumbala, sont demeur\u00e9es sans succ\u00e8s jusqu\u2019\u00e0 ce jour, alors que ce pays a fix\u00e9 l\u2019ouverture de son proc\u00e8s le 12 novembre prochain devant la Cour d\u2019assises de Paris.<\/p>\n\n\n\n<p>Arr\u00eat\u00e9 en 2021 en France<\/p>\n\n\n\n<p>Arr\u00eat\u00e9 samedi 2 janvier 2021 en France, dans le cadre d\u2019une enqu\u00eate pr\u00e9liminaire ouverte en d\u00e9cembre 2016 par le p\u00f4le Crimes contre l\u2019humanit\u00e9 du parquet de Paris, le Congolais Roger Lumbala est mis en examen pour \u00abparticipation \u00e0 un groupement form\u00e9 en vue de la pr\u00e9paration de crimes contre l\u2019humanit\u00e9 \u00bb et \u00abcomplicit\u00e9 de crimes contre l\u2019humanit\u00e9\u00bb.<\/p>\n\n\n\n<p>L\u2019homme a \u00e9t\u00e9 mis en accusation en 2023 par les juges d\u2019instruction du tribunal judiciaire de Paris en vertu de la comp\u00e9tence universelle, un principe permettant aux \u00c9tats de poursuivre les crimes internationaux les plus graves, m\u00eame s\u2019ils ont \u00e9t\u00e9 commis sur le sol \u00e9tranger. Il a dirig\u00e9 le groupe arm\u00e9 Rassemblement congolais pour la d\u00e9mocratie nationale (RCD-N) pendant la deuxi\u00e8me guerre du Congo (1998-2003). L\u2019annonce de sa comparution a \u00e9t\u00e9 faite par son avocat, Me Philippe Zeller, dans un communiqu\u00e9 publi\u00e9 mardi 07 octobre 2025.\u00bb<\/p>\n","protected":false},"excerpt":{"rendered":"<p>Par Thony Kambila Les partisans de l\u2019ancien ministre de Commerce ext\u00e9rieur, Roger Lumbala, arr\u00eat\u00e9 en France depuis 2021 pour complicit\u00e9 des crimes contre l\u2019humanit\u00e9, ont r\u00e9clam\u00e9 son extradition, pour \u00eatre jug\u00e9 en R\u00e9publique d\u00e9mocratique du Congo. C\u2019\u00e9tait lors d\u2019une marche organis\u00e9e hier lundi 10 novembre \u00e0 Kinshasa. Selon Me Lord Ilanga, secr\u00e9taire ex\u00e9cutif du RCD-N, [&hellip;]<\/p>\n","protected":false},"author":1,"featured_media":74487,"comment_status":"closed","ping_status":"closed","sticky":false,"template":"","format":"standard","meta":{"footnotes":""},"categories":[136,860,134,130,5,10],"tags":[],"class_list":["post-74486","post","type-post","status-publish","format-standard","has-post-thumbnail","hentry","category-a-la-une","category-justice","category-la-tempete-des-tropiques","category-nation","category-politique","category-societe"],"_links":{"self":[{"href":"http:\/\/www.latempete.info\/index.php?rest_route=\/wp\/v2\/posts\/74486"}],"collection":[{"href":"http:\/\/www.latempete.info\/index.php?rest_route=\/wp\/v2\/posts"}],"about":[{"href":"http:\/\/www.latempete.info\/index.php?rest_route=\/wp\/v2\/types\/post"}],"author":[{"embeddable":true,"href":"http:\/\/www.latempete.info\/index.php?rest_route=\/wp\/v2\/users\/1"}],"replies":[{"embeddable":true,"href":"http:\/\/www.latempete.info\/index.php?rest_route=%2Fwp%2Fv2%2Fcomments&post=74486"}],"version-history":[{"count":1,"href":"http:\/\/www.latempete.info\/index.php?rest_route=\/wp\/v2\/posts\/74486\/revisions"}],"predecessor-version":[{"id":74488,"href":"http:\/\/www.latempete.info\/index.php?rest_route=\/wp\/v2\/posts\/74486\/revisions\/74488"}],"wp:featuredmedia":[{"embeddable":true,"href":"http:\/\/www.latempete.info\/index.php?rest_route=\/wp\/v2\/media\/74487"}],"wp:attachment":[{"href":"http:\/\/www.latempete.info\/index.php?rest_route=%2Fwp%2Fv2%2Fmedia&parent=74486"}],"wp:term":[{"taxonomy":"category","embeddable":true,"href":"http:\/\/www.latempete.info\/index.php?rest_route=%2Fwp%2Fv2%2Fcategories&post=74486"},{"taxonomy":"post_tag","embeddable":true,"href":"http:\/\/www.latempete.info\/index.php?rest_route=%2Fwp%2Fv2%2Ftags&post=74486"}],"curies":[{"name":"wp","href":"https:\/\/api.w.org\/{rel}","templated":true}]}}