{"id":74814,"date":"2025-11-28T13:01:25","date_gmt":"2025-11-28T13:01:25","guid":{"rendered":"https:\/\/www.latempete.info\/?p=74814"},"modified":"2025-11-28T13:01:28","modified_gmt":"2025-11-28T13:01:28","slug":"eveque-emerite-de-lolo-a-bumba-mgr-ferdinand-maemba-liwoke-decede-a-kinshasa","status":"publish","type":"post","link":"http:\/\/www.latempete.info\/?p=74814","title":{"rendered":"\u00c9v\u00eaque \u00c9m\u00e9rite de Lolo \u00e0 Bumba : Mgr Ferdinand Maemba Liwoke d\u00e9c\u00e9d\u00e9 \u00e0 Kinshasa"},"content":{"rendered":"\n<p>Par Thony Kambila<\/p>\n\n\n\n<p>Dans un communiqu\u00e9 publi\u00e9 le mercredi 26 novembre 2025, la chancellerie du dioc\u00e8se de Lolo a annonc\u00e9 le d\u00e9c\u00e8s de Monseigneur Ferdinand Maemba Liwoke, \u00c9v\u00eaque \u00e9m\u00e9rite du dioc\u00e8se de Lolo, depuis mercredi 26 novembre 2025 \u00e0 l&rsquo;h\u00f4pital saint Joseph de Kinshasa. Mgr Ferdinand Maemba a consacr\u00e9 sa vie au service de l&rsquo;\u00c9glise de Lolo pendant plusieurs ann\u00e9es, avec foi, humilit\u00e9 et courage. Pasteur attentif, homme de pri\u00e8re, guide spirituel pour les fid\u00e8les, il laisse derri\u00e8re lui un t\u00e9moignage fort d&rsquo;amour, de fid\u00e9lit\u00e9 et de sagesse.<\/p>\n\n\n\n<p>Sa m\u00e9moire restera vivante dans le c\u0153ur de tous ceux et celles qui ont crois\u00e9 son chemin et b\u00e9n\u00e9fici\u00e9 de sa bont\u00e9.<\/p>\n\n\n\n<p>Qui \u00e9tait Mgr Ferdinand Maemba ?<\/p>\n\n\n\n<p>N\u00e9 \u00e0 Yamagwa (territoire de Bumba), le 8 avril 1937, Mgr Ferdinand Maemba a \u00e9t\u00e9 ordonn\u00e9 pr\u00eatre le 15 ao\u00fbt 1969 dans la paroisse Saint Andr\u00e9\/Bumba dans le dioc\u00e8se de Lisala. Vicaire paroissial successivement de 1969 \u00e0 1972 et cur\u00e9 \u00e0 la paroisse Cath\u00e9drale Saint Herm\u00e8s de Lisala de 1972 \u00e0 1975.<\/p>\n\n\n\n<p>De 1975 \u00e0 1983, il a travaill\u00e9 comme secr\u00e9taire de la commission \u00e9piscopale pour l&rsquo;apostolat des La\u00efcs \u00e0 Kinshasa. \u00c0 ce titre, il a travaill\u00e9 au centre interdioc\u00e9sain de Kinshasa jusqu&rsquo;\u00e0 sa nomination \u00e9piscopale le 06 avril 1983.<\/p>\n\n\n\n<p>Il fut ordonn\u00e9 \u00c9v\u00eaque auxiliaire le 10 juillet 1983 par Son Excellence Mgr Fr\u00e9d\u00e9ric ETSOU, Archev\u00eaque de Mbandaka-Bikoro, assist\u00e9 par NN. SS Joseph-Ignace Waarschoot, \u00c9v\u00eaque de Lolo et Louis Ganga, \u00c9v\u00eaque de Lisala. Le nouvel \u00c9v\u00eaque avait pour devise \u00a0\u00bb Ubis Caritas Ibi Est \u00a0\u00bb (O\u00f9 est l&rsquo;amour, Dieu est l\u00e0). Le 24 janvier 1988, la prise de possession canonique de Son Excellence Mgr Ferdinand Maemba dans son office pastoral du dioc\u00e8se de Lolo. Tout au long de son \u00c9piscopat, il a ordonn\u00e9 26 pr\u00eatres pour le compte du dioc\u00e8se de Lolo.<\/p>\n\n\n\n<p>Il a fond\u00e9 la congr\u00e9gation des s\u0153urs Dominicaines de Notre Dame Du Rosaire de Lolo, le 02 f\u00e9vrier 1994. C&rsquo;est depuis le 12 avril 2015, qu&rsquo;il est \u00c9v\u00eaque \u00e9m\u00e9rite et avec comme r\u00e9sidence \u00e0 Bumba. Il est mort le 26 novembre 2025 \u00e0 l&rsquo;h\u00f4pital Saint Joseph de Kinshasa, suite \u00e0 une longue maladie.<br>\u00ab\u00a0Serviteur bon et fid\u00e8le, entre dans la joie de ton Ma\u00eetre \u00a0\u00bb (Mt. 25, 21)\u00a0\u00bb.<\/p>\n","protected":false},"excerpt":{"rendered":"<p>Par Thony Kambila Dans un communiqu\u00e9 publi\u00e9 le mercredi 26 novembre 2025, la chancellerie du dioc\u00e8se de Lolo a annonc\u00e9 le d\u00e9c\u00e8s de Monseigneur Ferdinand Maemba Liwoke, \u00c9v\u00eaque \u00e9m\u00e9rite du dioc\u00e8se de Lolo, depuis mercredi 26 novembre 2025 \u00e0 l&rsquo;h\u00f4pital saint Joseph de Kinshasa. Mgr Ferdinand Maemba a consacr\u00e9 sa vie au service de l&rsquo;\u00c9glise [&hellip;]<\/p>\n","protected":false},"author":1,"featured_media":74815,"comment_status":"closed","ping_status":"closed","sticky":false,"template":"","format":"standard","meta":{"footnotes":""},"categories":[134,36,10],"tags":[],"class_list":["post-74814","post","type-post","status-publish","format-standard","has-post-thumbnail","hentry","category-la-tempete-des-tropiques","category-religion","category-societe"],"_links":{"self":[{"href":"http:\/\/www.latempete.info\/index.php?rest_route=\/wp\/v2\/posts\/74814"}],"collection":[{"href":"http:\/\/www.latempete.info\/index.php?rest_route=\/wp\/v2\/posts"}],"about":[{"href":"http:\/\/www.latempete.info\/index.php?rest_route=\/wp\/v2\/types\/post"}],"author":[{"embeddable":true,"href":"http:\/\/www.latempete.info\/index.php?rest_route=\/wp\/v2\/users\/1"}],"replies":[{"embeddable":true,"href":"http:\/\/www.latempete.info\/index.php?rest_route=%2Fwp%2Fv2%2Fcomments&post=74814"}],"version-history":[{"count":1,"href":"http:\/\/www.latempete.info\/index.php?rest_route=\/wp\/v2\/posts\/74814\/revisions"}],"predecessor-version":[{"id":74816,"href":"http:\/\/www.latempete.info\/index.php?rest_route=\/wp\/v2\/posts\/74814\/revisions\/74816"}],"wp:featuredmedia":[{"embeddable":true,"href":"http:\/\/www.latempete.info\/index.php?rest_route=\/wp\/v2\/media\/74815"}],"wp:attachment":[{"href":"http:\/\/www.latempete.info\/index.php?rest_route=%2Fwp%2Fv2%2Fmedia&parent=74814"}],"wp:term":[{"taxonomy":"category","embeddable":true,"href":"http:\/\/www.latempete.info\/index.php?rest_route=%2Fwp%2Fv2%2Fcategories&post=74814"},{"taxonomy":"post_tag","embeddable":true,"href":"http:\/\/www.latempete.info\/index.php?rest_route=%2Fwp%2Fv2%2Ftags&post=74814"}],"curies":[{"name":"wp","href":"https:\/\/api.w.org\/{rel}","templated":true}]}}