{"id":75311,"date":"2026-01-06T18:09:02","date_gmt":"2026-01-06T18:09:02","guid":{"rendered":"https:\/\/www.latempete.info\/?p=75311"},"modified":"2026-01-06T18:09:05","modified_gmt":"2026-01-06T18:09:05","slug":"can-2025-algerie-rdc-desabre-et-bakambu-promettent-la-qualification-des-leopards","status":"publish","type":"post","link":"http:\/\/www.latempete.info\/?p=75311","title":{"rendered":"CAN 2025\/Alg\u00e9rie-RDC : Desabre et Bakambu promettent la qualification des L\u00e9opards"},"content":{"rendered":"\n<p>Par LM<\/p>\n\n\n\n<p>Le duel entre l&rsquo;Alg\u00e9rie et la R\u00e9publique d\u00e9mocratique du Congo, pr\u00e9vu ce mardi 6 janvier au stade Prince Moulay Hassan de Rabat, s&rsquo;annonce comme l&rsquo;une des affiches les plus ind\u00e9cises des huiti\u00e8mes de finale de la CAN 2025. Un rendez-vous de haut niveau que les L\u00e9opards abordent avec ambition, mais sans pression excessive.<\/p>\n\n\n\n<p>En conf\u00e9rence de presse d&rsquo;avant-match, le s\u00e9lectionneur national, S\u00e9bastien Desabre, a tenu \u00e0 clarifier l&rsquo;\u00e9tat d&rsquo;esprit qui r\u00e8gne au sein du groupe congolais. \u00a0\u00bb On est concentr\u00e9s uniquement sur la qualification \u00ab\u00a0, a-t-il affirm\u00e9 avec fermet\u00e9, \u00e9cartant toute distraction li\u00e9e au prestige de l&rsquo;adversaire ou \u00e0 l&rsquo;environnement m\u00e9diatique.<\/p>\n\n\n\n<p>Le technicien fran\u00e7ais assure que son \u00e9quipe sait pr\u00e9cis\u00e9ment ce qu&rsquo;elle veut proposer sur le terrain. \u00a0\u00bb On a un plan de jeu, on va essayer de mettre quelque chose en place \u00ab\u00a0, a-t-il expliqu\u00e9, laissant entrevoir une approche m\u00e9thodique et disciplin\u00e9e face aux Fennecs.<\/p>\n\n\n\n<p>Pr\u00e9sent aux c\u00f4t\u00e9s du s\u00e9lectionneur, l&rsquo;attaquant C\u00e9dric Bakambu a reconnu la port\u00e9e symbolique de cette confrontation. \u00a0\u00bb C&rsquo;est vrai que le match face \u00e0 l&rsquo;Alg\u00e9rie va \u00eatre une bonne vitrine pour nous \u00ab\u00a0, a-t-il admis, tout en rappelant que l&rsquo;objectif principal reste la continuit\u00e9. \u00a0\u00bb C&rsquo;est surtout une occasion de confirmer notre \u00e9volution de ces derni\u00e8res ann\u00e9es \u00ab\u00a0, a-t-il soulign\u00e9.<\/p>\n\n\n\n<p>Le buteur congolais a \u00e9galement insist\u00e9 sur la concentration du groupe. \u00a0\u00bb On va g\u00e9rer ce match comme d&rsquo;habitude. L&rsquo;\u00e9quipe est focus, on est dans notre bulle. On ne calcule pas ce qui se dit sur les r\u00e9seaux sociaux et dans les m\u00e9dias \u00ab\u00a0, a-t-il assur\u00e9.<\/p>\n\n\n\n<p>Enfin, Bakambu n&rsquo;a pas manqu\u00e9 de saluer le soutien ind\u00e9fectible des supporters congolais. \u00a0\u00bb Depuis le d\u00e9but, on sent la ferveur dans les stades \u00ab\u00a0, a-t-il d\u00e9clar\u00e9, adressant ses remerciements aux nombreux fans pr\u00e9sents au Maroc. Avec un souhait clair : \u00a0\u00bb J&rsquo;esp\u00e8re qu&rsquo;on pourra offrir la qualification \u00e0 notre peuple demain \u00ab\u00a0.<\/p>\n","protected":false},"excerpt":{"rendered":"<p>Par LM Le duel entre l&rsquo;Alg\u00e9rie et la R\u00e9publique d\u00e9mocratique du Congo, pr\u00e9vu ce mardi 6 janvier au stade Prince Moulay Hassan de Rabat, s&rsquo;annonce comme l&rsquo;une des affiches les plus ind\u00e9cises des huiti\u00e8mes de finale de la CAN 2025. Un rendez-vous de haut niveau que les L\u00e9opards abordent avec ambition, mais sans pression excessive. [&hellip;]<\/p>\n","protected":false},"author":1,"featured_media":75313,"comment_status":"closed","ping_status":"closed","sticky":false,"template":"","format":"standard","meta":{"footnotes":""},"categories":[136,43,134,6],"tags":[],"class_list":["post-75311","post","type-post","status-publish","format-standard","has-post-thumbnail","hentry","category-a-la-une","category-foot","category-la-tempete-des-tropiques","category-sport"],"_links":{"self":[{"href":"http:\/\/www.latempete.info\/index.php?rest_route=\/wp\/v2\/posts\/75311"}],"collection":[{"href":"http:\/\/www.latempete.info\/index.php?rest_route=\/wp\/v2\/posts"}],"about":[{"href":"http:\/\/www.latempete.info\/index.php?rest_route=\/wp\/v2\/types\/post"}],"author":[{"embeddable":true,"href":"http:\/\/www.latempete.info\/index.php?rest_route=\/wp\/v2\/users\/1"}],"replies":[{"embeddable":true,"href":"http:\/\/www.latempete.info\/index.php?rest_route=%2Fwp%2Fv2%2Fcomments&post=75311"}],"version-history":[{"count":1,"href":"http:\/\/www.latempete.info\/index.php?rest_route=\/wp\/v2\/posts\/75311\/revisions"}],"predecessor-version":[{"id":75314,"href":"http:\/\/www.latempete.info\/index.php?rest_route=\/wp\/v2\/posts\/75311\/revisions\/75314"}],"wp:featuredmedia":[{"embeddable":true,"href":"http:\/\/www.latempete.info\/index.php?rest_route=\/wp\/v2\/media\/75313"}],"wp:attachment":[{"href":"http:\/\/www.latempete.info\/index.php?rest_route=%2Fwp%2Fv2%2Fmedia&parent=75311"}],"wp:term":[{"taxonomy":"category","embeddable":true,"href":"http:\/\/www.latempete.info\/index.php?rest_route=%2Fwp%2Fv2%2Fcategories&post=75311"},{"taxonomy":"post_tag","embeddable":true,"href":"http:\/\/www.latempete.info\/index.php?rest_route=%2Fwp%2Fv2%2Ftags&post=75311"}],"curies":[{"name":"wp","href":"https:\/\/api.w.org\/{rel}","templated":true}]}}