{"id":75444,"date":"2026-01-13T19:42:11","date_gmt":"2026-01-13T19:42:11","guid":{"rendered":"https:\/\/www.latempete.info\/?p=75444"},"modified":"2026-01-13T19:42:14","modified_gmt":"2026-01-13T19:42:14","slug":"a-lissue-dune-rencontre-hier-entre-f-tshisekedi-et-f-gnassingbe-lome-va-abriter-une-grande-reunion-sur-la-paix-en-rdc","status":"publish","type":"post","link":"http:\/\/www.latempete.info\/?p=75444","title":{"rendered":"\u00c0 l&rsquo;issue d&rsquo;une rencontre, hier, entre F. Tshisekedi et F. Gnassingb\u00e9 \/ Lom\u00e9 va abriter une grande r\u00e9union sur la paix en RDC"},"content":{"rendered":"\n<p>Par DMK<\/p>\n\n\n\n<p>Le Pr\u00e9sident de la R\u00e9publique, F\u00e9lix Antoine Tshisekedi Tshilombo, a effectu\u00e9 un aller-retour, hier lundi 12 janvier 2026, entre Kinshasa et Lom\u00e9, capitale du Togo. D\u00e9placement qui a permis au Chef de l&rsquo;Etat congolais de r\u00e9pondre \u00e0 l&rsquo;invitation de son homologue togolais, Faure Essozimna Gnassingb\u00e9, \u00e0 une importante s\u00e9ance de travail sur la paix et la stabilisation de la partie Est de la R\u00e9publique D\u00e9mocratique du Congo.<\/p>\n\n\n\n<p>Le Pr\u00e9sident togolais, m\u00e9diateur d\u00e9sign\u00e9 par l&rsquo;Union Africaine concernant la crise s\u00e9curitaire qui s\u00e9vit dans l&rsquo;est de la RDC, entend faire bouger les lignes, pour mettre un terme \u00e0 ce conflit qui a trop dur\u00e9 et fait des millions de victimes parmi les populations civiles.<\/p>\n\n\n\n<p>La s\u00e9ance de travail tenue hier dans la capitale togolaise s&rsquo;est sold\u00e9e par l&rsquo;annonce d&rsquo;un autre rendez-vous pr\u00e9vu le samedi 17 janvier 2026, \u00e0 Lom\u00e9, pour, cette fois-l\u00e0, pr\u00e9parer une r\u00e9union de haut niveau au sujet de la situation pr\u00e9occupante qui s\u00e9vit dans l&rsquo;est de la RDC Congo.<\/p>\n\n\n\n<p>Renforcer le dialogue et la coordination dans le processus de paix<\/p>\n\n\n\n<p>A travers cette m\u00e9diation de l&rsquo;UA qui, il faut le rappeler, b\u00e9n\u00e9ficie du soutien de la France et de bien d&rsquo;autres pays, il est surtout question de renforcer le dialogue et la coordination entre les diff\u00e9rents acteurs impliqu\u00e9s dans le processus de paix en cours. Le m\u00e9diateur de l&rsquo;UA entend ainsi venir en appui aux efforts diplomatiques consentis par les \u00c9tats-Unis et le Qatar et qui ont accouch\u00e9 de la signature d&rsquo;un Accord de paix entre la RDC et le Rwanda. L&rsquo;UA tient \u00e0 consolider ce processus de paix tant en RDC que dans la r\u00e9gion des Grands Lacs, en renfor\u00e7ant la confiance entre les diff\u00e9rentes parties, et en favorisant des avanc\u00e9es concr\u00e8tes sur le terrain, indique une source digne de foi.<br>Les efforts d\u00e9ploy\u00e9s par le m\u00e9diateur de l&rsquo;UA pourraient ainsi ouvrir la voie \u00e0 la tenue d&rsquo;un dialogue auquel prendraient part diff\u00e9rents protagonistes impliqu\u00e9s directement ou indirectement dans ce conflit.<\/p>\n\n\n\n<p>Il sied de rappeler que la France soutient les initiatives de l&rsquo;UA dans ce sens. C&rsquo;est d&rsquo;ailleurs dans ce cadre que le pays d&rsquo;Emmanuel Macron avait organis\u00e9, le 30 octobre 2025, \u00e0 Paris, une conf\u00e9rence de soutien \u00e0 la paix dans la r\u00e9gion des Grands Lacs. Assises qui ont permis de mobiliser plus de 1,5 milliards d&rsquo;euros pour les populations vuln\u00e9rables et pour aussi soutenir la dynamique de n\u00e9gociation pilot\u00e9e par l&rsquo;Union Africaine, les \u00c9tats-Unis et le Qatar. En succ\u00e9dant \u00e0 l&rsquo;Angolais Joao Louren\u00e7o comme m\u00e9diateur de l&rsquo;UA dans ce conflit, Faure Gnassingb\u00e9, aurait re\u00e7u pour mission de coordonner les efforts avec les facilitateurs du processus fusionn\u00e9 de Luanda et de Nairobi, conform\u00e9ment aux d\u00e9cisions du Sommet conjoint virtuel de l&rsquo;EAC et de la SADC tenu en mars 2025.<\/p>\n","protected":false},"excerpt":{"rendered":"<p>Par DMK Le Pr\u00e9sident de la R\u00e9publique, F\u00e9lix Antoine Tshisekedi Tshilombo, a effectu\u00e9 un aller-retour, hier lundi 12 janvier 2026, entre Kinshasa et Lom\u00e9, capitale du Togo. D\u00e9placement qui a permis au Chef de l&rsquo;Etat congolais de r\u00e9pondre \u00e0 l&rsquo;invitation de son homologue togolais, Faure Essozimna Gnassingb\u00e9, \u00e0 une importante s\u00e9ance de travail sur la [&hellip;]<\/p>\n","protected":false},"author":1,"featured_media":75445,"comment_status":"closed","ping_status":"closed","sticky":false,"template":"","format":"standard","meta":{"footnotes":""},"categories":[136,134,130,5],"tags":[],"class_list":["post-75444","post","type-post","status-publish","format-standard","has-post-thumbnail","hentry","category-a-la-une","category-la-tempete-des-tropiques","category-nation","category-politique"],"_links":{"self":[{"href":"http:\/\/www.latempete.info\/index.php?rest_route=\/wp\/v2\/posts\/75444"}],"collection":[{"href":"http:\/\/www.latempete.info\/index.php?rest_route=\/wp\/v2\/posts"}],"about":[{"href":"http:\/\/www.latempete.info\/index.php?rest_route=\/wp\/v2\/types\/post"}],"author":[{"embeddable":true,"href":"http:\/\/www.latempete.info\/index.php?rest_route=\/wp\/v2\/users\/1"}],"replies":[{"embeddable":true,"href":"http:\/\/www.latempete.info\/index.php?rest_route=%2Fwp%2Fv2%2Fcomments&post=75444"}],"version-history":[{"count":1,"href":"http:\/\/www.latempete.info\/index.php?rest_route=\/wp\/v2\/posts\/75444\/revisions"}],"predecessor-version":[{"id":75446,"href":"http:\/\/www.latempete.info\/index.php?rest_route=\/wp\/v2\/posts\/75444\/revisions\/75446"}],"wp:featuredmedia":[{"embeddable":true,"href":"http:\/\/www.latempete.info\/index.php?rest_route=\/wp\/v2\/media\/75445"}],"wp:attachment":[{"href":"http:\/\/www.latempete.info\/index.php?rest_route=%2Fwp%2Fv2%2Fmedia&parent=75444"}],"wp:term":[{"taxonomy":"category","embeddable":true,"href":"http:\/\/www.latempete.info\/index.php?rest_route=%2Fwp%2Fv2%2Fcategories&post=75444"},{"taxonomy":"post_tag","embeddable":true,"href":"http:\/\/www.latempete.info\/index.php?rest_route=%2Fwp%2Fv2%2Ftags&post=75444"}],"curies":[{"name":"wp","href":"https:\/\/api.w.org\/{rel}","templated":true}]}}