{"id":76114,"date":"2026-02-27T13:26:35","date_gmt":"2026-02-27T13:26:35","guid":{"rendered":"https:\/\/www.latempete.info\/?p=76114"},"modified":"2026-02-27T13:26:48","modified_gmt":"2026-02-27T13:26:48","slug":"leon-xiv-en-grande-tournee-africaine-en-avril","status":"publish","type":"post","link":"http:\/\/www.latempete.info\/?p=76114","title":{"rendered":"L\u00e9on XIV en grande tourn\u00e9e africaine en avril"},"content":{"rendered":"\n<p>Par Carroll Madiya<\/p>\n\n\n\n<p>Le Saint P\u00e8re fera une grande tourn\u00e9e en Afrique du 13 au 23 avril. Cette tourn\u00e9e, tr\u00e8s attendue, s&rsquo;ouvrira par une \u00e9tape autrement symbolique en Alg\u00e9rie, la premi\u00e8re d&rsquo;un Pape dans ce pays o\u00f9 l&rsquo;islam est religion d&rsquo;\u00c9tat.<\/p>\n\n\n\n<p>De Monaco \u00e0 l&rsquo;Alg\u00e9rie, en passant par le Cameroun, l&rsquo;Angola, la Guin\u00e9e \u00e9quatoriale et l&rsquo;Espagne, le Vatican a d\u00e9voil\u00e9 mercredi 25 f\u00e9vrier, les prochains voyages de L\u00e9on XIV, des destinations vari\u00e9es qui illustrent la volont\u00e9 du Pape de s&rsquo;adresser \u00e0 un large public.<\/p>\n\n\n\n<p>En amont, le 28 mars, L\u00e9on XIV effectuera une visite in\u00e9dite dans la principaut\u00e9 de Monaco, o\u00f9 il a \u00e9t\u00e9 invit\u00e9 par le prince Albert II. D\u00e9but juin, il se rendra en Espagne, avec une halte dans les \u00eeles Canaries et une visite \u00e0 Barcelone, pour l&rsquo;inauguration de la plus haute tour de la Sagrada Familia. Ces destinations vari\u00e9es toucheront \u00e0 des th\u00e9matiques plurielles: dialogue interreligieux, appels \u00e0 la paix, attention aux d\u00e9munis, s\u00e9cularisation en Europe, migrations, environnement, etc.<\/p>\n\n\n\n<p>Apr\u00e8s l&rsquo;Alg\u00e9rie (Alger et Annaba) du 13 au 15 avril, il se rendra au Cameroun (Yaound\u00e9, Bamenda et Douala) du 15 au 18 avril, puis en Angola du 18 au 21 avril et en Guin\u00e9e \u00e9quatoriale du 21 au 23 avril. En Angola et au Cameroun, marqu\u00e9s par des crises politiques majeures et une importante contestation populaire, le souverain pontife va lancer des appels \u00e0 la paix.<\/p>\n","protected":false},"excerpt":{"rendered":"<p>Par Carroll Madiya Le Saint P\u00e8re fera une grande tourn\u00e9e en Afrique du 13 au 23 avril. Cette tourn\u00e9e, tr\u00e8s attendue, s&rsquo;ouvrira par une \u00e9tape autrement symbolique en Alg\u00e9rie, la premi\u00e8re d&rsquo;un Pape dans ce pays o\u00f9 l&rsquo;islam est religion d&rsquo;\u00c9tat. De Monaco \u00e0 l&rsquo;Alg\u00e9rie, en passant par le Cameroun, l&rsquo;Angola, la Guin\u00e9e \u00e9quatoriale et [&hellip;]<\/p>\n","protected":false},"author":1,"featured_media":76115,"comment_status":"closed","ping_status":"closed","sticky":false,"template":"","format":"standard","meta":{"footnotes":""},"categories":[134,36,10],"tags":[],"class_list":["post-76114","post","type-post","status-publish","format-standard","has-post-thumbnail","hentry","category-la-tempete-des-tropiques","category-religion","category-societe"],"_links":{"self":[{"href":"http:\/\/www.latempete.info\/index.php?rest_route=\/wp\/v2\/posts\/76114"}],"collection":[{"href":"http:\/\/www.latempete.info\/index.php?rest_route=\/wp\/v2\/posts"}],"about":[{"href":"http:\/\/www.latempete.info\/index.php?rest_route=\/wp\/v2\/types\/post"}],"author":[{"embeddable":true,"href":"http:\/\/www.latempete.info\/index.php?rest_route=\/wp\/v2\/users\/1"}],"replies":[{"embeddable":true,"href":"http:\/\/www.latempete.info\/index.php?rest_route=%2Fwp%2Fv2%2Fcomments&post=76114"}],"version-history":[{"count":1,"href":"http:\/\/www.latempete.info\/index.php?rest_route=\/wp\/v2\/posts\/76114\/revisions"}],"predecessor-version":[{"id":76116,"href":"http:\/\/www.latempete.info\/index.php?rest_route=\/wp\/v2\/posts\/76114\/revisions\/76116"}],"wp:featuredmedia":[{"embeddable":true,"href":"http:\/\/www.latempete.info\/index.php?rest_route=\/wp\/v2\/media\/76115"}],"wp:attachment":[{"href":"http:\/\/www.latempete.info\/index.php?rest_route=%2Fwp%2Fv2%2Fmedia&parent=76114"}],"wp:term":[{"taxonomy":"category","embeddable":true,"href":"http:\/\/www.latempete.info\/index.php?rest_route=%2Fwp%2Fv2%2Fcategories&post=76114"},{"taxonomy":"post_tag","embeddable":true,"href":"http:\/\/www.latempete.info\/index.php?rest_route=%2Fwp%2Fv2%2Ftags&post=76114"}],"curies":[{"name":"wp","href":"https:\/\/api.w.org\/{rel}","templated":true}]}}