{"id":76158,"date":"2026-03-02T18:05:21","date_gmt":"2026-03-02T18:05:21","guid":{"rendered":"https:\/\/www.latempete.info\/?p=76158"},"modified":"2026-03-03T18:07:05","modified_gmt":"2026-03-03T18:07:05","slug":"disparition-du-maestro-malien-boncana-maiga-legende-afro-cubaine","status":"publish","type":"post","link":"http:\/\/www.latempete.info\/?p=76158","title":{"rendered":"Disparition du maestro malien Boncana Ma\u00efga, l\u00e9gende afro-cubaine"},"content":{"rendered":"\n<p>Par Yves Mitondo<\/p>\n\n\n\n<p>Le musicien malien Boncana Ma\u00efga est d\u00e9c\u00e9d\u00e9 le samedi 28 f\u00e9vrier, dans une clinique de Bamako, \u00e0 l&rsquo;\u00e2ge de 77 ans. Il fut l&rsquo;un des grands artisans du pont musical Afrique de l&rsquo;Ouest-Cuba. Cofondateur du projet Africando, l&rsquo;homme a marqu\u00e9 durablement l&rsquo;histoire de la salsa africaine tout comme des musiques populaires ouest-africaines.<\/p>\n\n\n\n<p>Plusieurs r\u00e9actions ont suivi \u00e0 cette annonce, dans la presse et sur les r\u00e9seaux sociaux. \u00a0\u00bb Triste nouvelle pour le monde de la culture. Le maestro Boncana Ma\u00efga vient de tirer sa r\u00e9v\u00e9rence ce jour \u00e0 5 heures du matin dans une clinique \u00e0 Bamako \u00ab\u00a0, a annonc\u00e9 l&rsquo; Office de Radio et Television du Mali (ORTM) sur Facebook.<\/p>\n\n\n\n<p>\u00a0\u00bb Figure embl\u00e9matique de la musique malienne et africaine, Boncana Ma\u00efga aura marqu\u00e9 plusieurs g\u00e9n\u00e9rations par son talent, son exigence artistique et son sens de l&rsquo;innovation \u00ab\u00a0, a ajout\u00e9 l&rsquo;ORTM avant d&rsquo;\u00e9voquer un \u00a0\u00bb octog\u00e9naire (qui) s&rsquo;est impos\u00e9 comme l&rsquo;un des architectes du son moderne d&rsquo;Afrique de l&rsquo;Ouest \u00ab\u00a0.<\/p>\n\n\n\n<p>Mamou Daff\u00e9, ministre malien de la Culture, a parl\u00e9 d&rsquo;une \u00a0\u00bb disparition \u00a0\u00bb repr\u00e9sentant \u00a0\u00bb une perte pour le Mali, mais \u00e9galement pour la culture africaine qu&rsquo;il a contribu\u00e9 \u00e0 imposer \u00e0 travers les continents \u00ab\u00a0, dans une d\u00e9claration. \u00a0\u00bb Monsieur Ma\u00efga a \u00e9t\u00e9 un ambassadeur de la musique malienne \u00ab\u00a0, a-t-il ajout\u00e9.<\/p>\n\n\n\n<p>Mentor de Koffi Olomid\u00e9<\/p>\n\n\n\n<p>Boncana Issa Ma\u00efga est n\u00e9 en 1949 \u00e0 Gao, dans le Nord du Mali. Le d\u00e9funt a lanc\u00e9, form\u00e9 ou accompagn\u00e9 plusieurs artistes du continent, comme l&rsquo;Ivoirienne A\u00efcha Kon\u00e9 et le Congolais Koffi Olomid\u00e9.<\/p>\n\n\n\n<p>Jeune, il effectue un s\u00e9jour \u00e0 Cuba, de janvier 1964 \u00e0 1968, puis jusqu&rsquo;en 1973. Il s&rsquo;y perfectionne notamment dans la ma\u00eetrise de la fl\u00fbte et du saxophone.<br>Ses d\u00e9buts en musique se font avec le N\u00e9gro-Band vers les ann\u00e9es 1960, un orchestre avec lequel Boncana Ma\u00efga fera le tour du Mali. En 1968, il fonde un autre groupe : Les Merveilles du Mali. Apr\u00e8s un bref retour au Mali en 1972, Boncana Ma\u00efga d\u00e9cide de s&rsquo;exiler en C\u00f4te d&rsquo;Ivoire . C&rsquo;est \u00e0 Abidjan qu&rsquo;il fait une grande partie de sa carri\u00e8re. Il est successivement professeur de musique \u00e0 l&rsquo;Institut National des Arts, directeur adjoint du Conservatoire de C\u00f4te d&rsquo;Ivoire. Il forme et dirige pendant 14 ans l&rsquo;orchestre de la Radiodiffusion T\u00e9l\u00e9vision Ivoirienne (RTI). Il se consacre aussi aux arrangements pour d&rsquo;autres artistes, comme Alpha Blondy ou encore Abdoulaye Diabat\u00e9.<\/p>\n\n\n\n<p>En 1988, il \u00e9crit la musique originale du film \u00a0\u00bb Bal Poussi\u00e8re \u00ab\u00a0, r\u00e9alis\u00e9 par Henri Duparc, pour qui il avait d\u00e9j\u00e0 travaill\u00e9 en 1986, en composant la musique du t\u00e9l\u00e9film \u00a0\u00bb Aya \u00ab\u00a0.<\/p>\n\n\n\n<p>Pr\u00e9sentateur de l&rsquo;\u00e9mission Stars Parade<\/p>\n\n\n\n<p>En 1992, il fonde le groupe Africando, avec l&rsquo;Ivoirien Ibrahim Sylla, un orchestre qui int\u00e8gre toutes les sonorit\u00e9s africaines. En 2001, il pr\u00e9sente l&rsquo;\u00e9mission Stars Parade, d&rsquo;abord diffus\u00e9e sur CFI TV ; puis, sur TV5 Monde. De retour au Mali \u00e0 partir de 2005, Boncana Ma\u00efga a ouvert Maestro-Sound Mali, une maison de production audiovisuelle et discographique. En 2006, il signe la musique du film \u00a0\u00bb Moolaad\u00e9 \u00ab\u00a0, du r\u00e9alisateur s\u00e9n\u00e9galais Ousmane Semb\u00e8ne.<\/p>\n\n\n\n<p>\u00c0 partir de 2009, il co-anime avec la journaliste A\u00efssata Ciss\u00e9 l&rsquo;\u00e9mission Tounkagouna, destin\u00e9e \u00e0 d\u00e9couvrir de nouveaux talents musicaux. En 1997, Boncana Ma\u00efga avait re\u00e7u un Kora Award comme arrangeur.<\/p>\n","protected":false},"excerpt":{"rendered":"<p>Par Yves Mitondo Le musicien malien Boncana Ma\u00efga est d\u00e9c\u00e9d\u00e9 le samedi 28 f\u00e9vrier, dans une clinique de Bamako, \u00e0 l&rsquo;\u00e2ge de 77 ans. Il fut l&rsquo;un des grands artisans du pont musical Afrique de l&rsquo;Ouest-Cuba. Cofondateur du projet Africando, l&rsquo;homme a marqu\u00e9 durablement l&rsquo;histoire de la salsa africaine tout comme des musiques populaires ouest-africaines. [&hellip;]<\/p>\n","protected":false},"author":1,"featured_media":76159,"comment_status":"closed","ping_status":"closed","sticky":false,"template":"","format":"standard","meta":{"footnotes":""},"categories":[8,134,29],"tags":[],"class_list":["post-76158","post","type-post","status-publish","format-standard","has-post-thumbnail","hentry","category-culture-media","category-la-tempete-des-tropiques","category-musique"],"_links":{"self":[{"href":"http:\/\/www.latempete.info\/index.php?rest_route=\/wp\/v2\/posts\/76158"}],"collection":[{"href":"http:\/\/www.latempete.info\/index.php?rest_route=\/wp\/v2\/posts"}],"about":[{"href":"http:\/\/www.latempete.info\/index.php?rest_route=\/wp\/v2\/types\/post"}],"author":[{"embeddable":true,"href":"http:\/\/www.latempete.info\/index.php?rest_route=\/wp\/v2\/users\/1"}],"replies":[{"embeddable":true,"href":"http:\/\/www.latempete.info\/index.php?rest_route=%2Fwp%2Fv2%2Fcomments&post=76158"}],"version-history":[{"count":1,"href":"http:\/\/www.latempete.info\/index.php?rest_route=\/wp\/v2\/posts\/76158\/revisions"}],"predecessor-version":[{"id":76160,"href":"http:\/\/www.latempete.info\/index.php?rest_route=\/wp\/v2\/posts\/76158\/revisions\/76160"}],"wp:featuredmedia":[{"embeddable":true,"href":"http:\/\/www.latempete.info\/index.php?rest_route=\/wp\/v2\/media\/76159"}],"wp:attachment":[{"href":"http:\/\/www.latempete.info\/index.php?rest_route=%2Fwp%2Fv2%2Fmedia&parent=76158"}],"wp:term":[{"taxonomy":"category","embeddable":true,"href":"http:\/\/www.latempete.info\/index.php?rest_route=%2Fwp%2Fv2%2Fcategories&post=76158"},{"taxonomy":"post_tag","embeddable":true,"href":"http:\/\/www.latempete.info\/index.php?rest_route=%2Fwp%2Fv2%2Ftags&post=76158"}],"curies":[{"name":"wp","href":"https:\/\/api.w.org\/{rel}","templated":true}]}}