{"id":76163,"date":"2026-03-02T18:12:03","date_gmt":"2026-03-02T18:12:03","guid":{"rendered":"https:\/\/www.latempete.info\/?p=76163"},"modified":"2026-03-03T18:15:48","modified_gmt":"2026-03-03T18:15:48","slug":"pour-stopper-la-destabilisation-de-la-rdc-des-congolais-de-la-diaspora-exige-lapplication-des-resolutions-internationales","status":"publish","type":"post","link":"http:\/\/www.latempete.info\/?p=76163","title":{"rendered":"Pour stopper la d\u00e9stabilisation de la RDC : Des Congolais de la diaspora exige l&rsquo;application des r\u00e9solutions internationales"},"content":{"rendered":"\n<p>Par Marcel Tshishiku<\/p>\n\n\n\n<p>Venus de France, du Luxembourg, du Canada, d&rsquo;Allemagne, d&rsquo;Angleterre et de Belgique, des Congolais de la diaspora se sont r\u00e9unis samedi 28 f\u00e9vrier \u00e0 Bruxelles (Belgique). Ils ont lanc\u00e9 un message d&rsquo;unit\u00e9, de solidarit\u00e9 et de soutien \u00e0 l&rsquo;int\u00e9grit\u00e9 territoriale de la R\u00e9publique D\u00e9mocratique du Congo ainsi qu&rsquo;au vivre-ensemble.<br>Ils ont \u00e9galement d\u00e9nonc\u00e9 l&rsquo;agression rwandaise dans la partie Est du pays.<\/p>\n\n\n\n<p>Joint par Radio Okapi, le coordonnateur de la Ligue des patriotes aile Belgique, Jonathan Ntoto Badibi, a d\u00e9clar\u00e9 : \u00a0\u00bb Nous disons non \u00e0 la barbarie, et vive la justice pour nos mamans, papas, fr\u00e8res et s\u0153urs victimes de cette agression qui perdure. Il est temps d&rsquo;y mettre fin. Nous invitons la communaut\u00e9 internationale \u00e0 mettre en application toutes ses r\u00e9solutions d\u00e9j\u00e0 prises contre l&rsquo;agresseur (NDLR : le Rwanda) et ses acolytes \u00ab\u00a0.<\/p>\n\n\n\n<p>La Ligue des patriotes affirme \u00eatre engag\u00e9e \u00e0 mener, \u00e0 travers le monde, des actions contre la d\u00e9stabilisation de la RDC.<\/p>\n\n\n\n<p>Actions contre les discours de haine et incitation \u00e0 la violence<\/p>\n\n\n\n<p>De son c\u00f4t\u00e9, la responsable de communication et coordinatrice de la Ligue des patriotes &#8211; section Luxembourg, Sarah Mwepu, a pr\u00e9cis\u00e9 : \u00a0\u00bb Depuis l&rsquo;Europe et le Canada, nous disposons\u2026notamment des actions juridiques contre les discours de haine et d&rsquo;incitation \u00e0 la violence, le d\u00e9p\u00f4t de m\u00e9morandums aupr\u00e8s des Gouvernements et institutions internationales, ainsi que le lancement de p\u00e9titions citoyennes et visibles\u00a0\u00bb.<\/p>\n\n\n\n<p>Cette organisation dit vouloir, non seulement d\u00e9noncer, mais \u00e9galement exposer ceux qui financent, encouragent ou organisent la d\u00e9stabilisation de la RDC.<br>Sarah Mwepu estime, en outre, qu&rsquo;aucun statut de protection ne devrait \u00eatre accord\u00e9 \u00e0 ceux qui, par leurs actes, deviennent les cr\u00e9ateurs de r\u00e9fugi\u00e9s dans leur propre pays. La Ligue pr\u00e9voit la mise en place d&rsquo;une cellule juridique au sein de la diaspora afin d&rsquo;identifier et de documenter les appels \u00e0 la violence ; les financements suspects ; les incitations tribales ; ainsi que tout acte pouvant faire l&rsquo;objet de plaintes judiciaires.<\/p>\n\n\n\n<p>Deux charniers d\u00e9couverts \u00e0 Uvira, dans l&rsquo;est de la RDC<\/p>\n\n\n\n<p>\u00a0\u00bb Plus de 160 corps identifi\u00e9s dans des fosses communes \u00e0 Uvira \u00ab\u00a0, titre Afrik.com. Le site d&rsquo;information panafricain a pr\u00e9cis\u00e9 samedi dernier que ces \u00a0\u00bb s\u00e9pultures clandestines auraient \u00e9t\u00e9 creus\u00e9es durant l&rsquo;occupation de la ville par les rebelles de l&rsquo;AFC-M23 \u00ab\u00a0. Les rebelles s&rsquo;en sont retir\u00e9s il y a un mois, \u00a0\u00bb laissant les autorit\u00e9s congolaises et les habitants face \u00e0 l&rsquo;horreur, ajoute Afrik.com, ajoutant que les t\u00e9moignages d\u00e9crivent des sc\u00e8nes d&rsquo;une barbarie extr\u00eame, o\u00f9 les corps \u00e9taient entass\u00e9s dans des v\u00e9hicules avant d&rsquo;\u00eatre jet\u00e9s sans m\u00e9nagement dans des tranch\u00e9es. \u00ab\u00a0<\/p>\n\n\n\n<p>A en croire la source, la premi\u00e8re fosse commune se trouverait dans le quartier Kavimvira, et contiendrait 132 corps, tandis qu&rsquo;une seconde, \u00e0 Kilomoni, pr\u00e8s de la fronti\u00e8re burundaise, en refermerait 31 \u00ab\u00a0. Reste \u00e0 identifier ces corps, \u00a0\u00bb d\u00e9fi majeur pour les familles et les organisations de d\u00e9fense des droits humains \u00ab\u00a0. Selon Afrik.com, \u00a0\u00bb une grande partie des d\u00e9funts seraient de jeunes gar\u00e7ons. Durant l&rsquo;occupation, l&rsquo;AFC-M23 les aurait suspect\u00e9s d&rsquo;appartenir aux Wazalendo, ces groupes de d\u00e9fense locale soutenant l&rsquo;arm\u00e9e r\u00e9guli\u00e8re congolaise \u00ab\u00a0. Des accusations que \u00a0\u00bb le mouvement rebelle rejette en bloc, pr\u00e9cise encore Afrik.com.<\/p>\n\n\n\n<p>Violents combats entre l&rsquo;AFC\/M23 et les Wazalendo \u00e0 Masisi<\/p>\n\n\n\n<p>Sous le m\u00eame chapitre, Radio Okapi a signal\u00e9 de violents affrontements ayant oppos\u00e9 samedi 28 f\u00e9vrier les rebelles de l&rsquo;AFC\/M23 \u00e0 une coalition de combattants Wazalendo, alli\u00e9s aux FARDC, dans plusieurs villages du territoire de Masisi, au Nord-Kivu. Selon des sources concordantes, les combats se concentrent notamment \u00e0 Ndete, dans la localit\u00e9 de Muhanga (groupement Buabo). D&rsquo;autres accrochages sont signal\u00e9s \u00e0 Mashaki (groupement Nyamaboko 1er) ainsi qu&rsquo;\u00e0 Lukole (groupement Banyungu). Depuis 5 heures du matin, des tirs d&rsquo;armes lourdes et l\u00e9g\u00e8res ont r\u00e9sonn\u00e9 dans ces trois villages du secteur Osso-Banyungu. Les combattants Wazalendo auraient lanc\u00e9 des attaques simultan\u00e9es pour tenter de reprendre ces localit\u00e9s r\u00e9occup\u00e9es par les rebelles de l&rsquo;AFC\/M23 au cours de la semaine. Ces nouveaux affrontements sont survenus au lendemain d&rsquo;autres hostilit\u00e9s violentes \u00e0 Kinyumba et dans les p\u00e9riph\u00e9ries de Nyabiondo (groupement Banyungu), ainsi qu&rsquo;\u00e0 Buguri, pr\u00e8s de Lushebere (groupement Buabo), o\u00f9 une position tenue par l&rsquo;AFC\/M23 aurait \u00e9t\u00e9 incendi\u00e9e par les Wazalendo.<\/p>\n\n\n\n<p>Une attaque a\u00e9rienne signal\u00e9e<\/p>\n\n\n\n<p>Des sources locales ont fait \u00e9galement \u00e9tat d&rsquo;une attaque a\u00e9rienne men\u00e9e par un drone militaire, qui aurait vis\u00e9 un convoi de l&rsquo;AFC\/M23 vendredi soir sur l&rsquo;axe Mushaki-Rubaya. Aucun bilan officiel n&rsquo;est encore disponible.<\/p>\n\n\n\n<p>Apr\u00e8s plus de dix jours d&rsquo;affrontements continus, cette partie du territoire de Masisi traverse une crise humanitaire pr\u00e9occupante. Plusieurs villages se sont d\u00e9j\u00e0 vid\u00e9s de leurs habitants.<\/p>\n","protected":false},"excerpt":{"rendered":"<p>Par Marcel Tshishiku Venus de France, du Luxembourg, du Canada, d&rsquo;Allemagne, d&rsquo;Angleterre et de Belgique, des Congolais de la diaspora se sont r\u00e9unis samedi 28 f\u00e9vrier \u00e0 Bruxelles (Belgique). Ils ont lanc\u00e9 un message d&rsquo;unit\u00e9, de solidarit\u00e9 et de soutien \u00e0 l&rsquo;int\u00e9grit\u00e9 territoriale de la R\u00e9publique D\u00e9mocratique du Congo ainsi qu&rsquo;au vivre-ensemble.Ils ont \u00e9galement d\u00e9nonc\u00e9 [&hellip;]<\/p>\n","protected":false},"author":1,"featured_media":76164,"comment_status":"closed","ping_status":"closed","sticky":false,"template":"","format":"standard","meta":{"footnotes":""},"categories":[134,130,5],"tags":[],"class_list":["post-76163","post","type-post","status-publish","format-standard","has-post-thumbnail","hentry","category-la-tempete-des-tropiques","category-nation","category-politique"],"_links":{"self":[{"href":"http:\/\/www.latempete.info\/index.php?rest_route=\/wp\/v2\/posts\/76163"}],"collection":[{"href":"http:\/\/www.latempete.info\/index.php?rest_route=\/wp\/v2\/posts"}],"about":[{"href":"http:\/\/www.latempete.info\/index.php?rest_route=\/wp\/v2\/types\/post"}],"author":[{"embeddable":true,"href":"http:\/\/www.latempete.info\/index.php?rest_route=\/wp\/v2\/users\/1"}],"replies":[{"embeddable":true,"href":"http:\/\/www.latempete.info\/index.php?rest_route=%2Fwp%2Fv2%2Fcomments&post=76163"}],"version-history":[{"count":1,"href":"http:\/\/www.latempete.info\/index.php?rest_route=\/wp\/v2\/posts\/76163\/revisions"}],"predecessor-version":[{"id":76165,"href":"http:\/\/www.latempete.info\/index.php?rest_route=\/wp\/v2\/posts\/76163\/revisions\/76165"}],"wp:featuredmedia":[{"embeddable":true,"href":"http:\/\/www.latempete.info\/index.php?rest_route=\/wp\/v2\/media\/76164"}],"wp:attachment":[{"href":"http:\/\/www.latempete.info\/index.php?rest_route=%2Fwp%2Fv2%2Fmedia&parent=76163"}],"wp:term":[{"taxonomy":"category","embeddable":true,"href":"http:\/\/www.latempete.info\/index.php?rest_route=%2Fwp%2Fv2%2Fcategories&post=76163"},{"taxonomy":"post_tag","embeddable":true,"href":"http:\/\/www.latempete.info\/index.php?rest_route=%2Fwp%2Fv2%2Ftags&post=76163"}],"curies":[{"name":"wp","href":"https:\/\/api.w.org\/{rel}","templated":true}]}}