{"id":76170,"date":"2026-03-03T18:36:11","date_gmt":"2026-03-03T18:36:11","guid":{"rendered":"https:\/\/www.latempete.info\/?p=76170"},"modified":"2026-03-03T18:38:49","modified_gmt":"2026-03-03T18:38:49","slug":"assassinat-du-guide-supreme-liran-se-dit-en-guerre-a-grande-echelle-et-menace-les-usa-et-israel","status":"publish","type":"post","link":"http:\/\/www.latempete.info\/?p=76170","title":{"rendered":"Assassinat du Guide supr\u00eame : L&rsquo;Iran se dit en \u00a0\u00bb guerre \u00e0 grande \u00e9chelle \u00a0\u00bb et menace les USA et Isra\u00ebl"},"content":{"rendered":"\n<p>Par LM<\/p>\n\n\n\n<p>Le Moyen-Orient bascule dans une phase de tension extr\u00eame. Apr\u00e8s l&rsquo;assassinat du Guide supr\u00eame iranien,Ali Khamenei, T\u00e9h\u00e9ran affirme se consid\u00e9rer en \u00e9tat de \u00a0\u00bb guerre \u00e0 grande \u00e9chelle \u00a0\u00bb et promet des repr\u00e9sailles contre les \u00c9tats-Unis et Isra\u00ebl, qu&rsquo;il accuse d&rsquo;\u00eatre responsables de l&rsquo;attaque. Dans une lettre officielle adress\u00e9e aux Nations Unies, le ministre iranien des Affaires \u00e9trang\u00e8res, Abbas Araghchi, d\u00e9nonce un \u00a0\u00bb acte terroriste \u00a0\u00bb visant \u00a0\u00bb la plus haute autorit\u00e9 officielle d&rsquo;un \u00c9tat membre \u00ab\u00a0. Cette escalade verbale et diplomatique intervient dans un contexte d\u00e9j\u00e0 marqu\u00e9 par des frappes et contre-frappes dans la r\u00e9gion, faisant craindre un embrasement g\u00e9n\u00e9ralis\u00e9 susceptible d&rsquo;affecter la s\u00e9curit\u00e9 mondiale et les march\u00e9s \u00e9nerg\u00e9tiques.<\/p>\n\n\n\n<p>En appelant le Conseil de s\u00e9curit\u00e9 \u00e0 agir, T\u00e9h\u00e9ran tente de porter la crise sur le terrain du droit international, tout en laissant planer la menace d&rsquo;une riposte directe. L&rsquo;Iran a d\u00e9clar\u00e9 se consid\u00e9rer en \u00e9tat de \u00a0\u00bb guerre \u00e0 grande \u00e9chelle \u00a0\u00bb et a promis de se venger des \u00c9tats-Unis et d&rsquo;Isra\u00ebl apr\u00e8s l&rsquo;assassinat du guide supr\u00eame, survenu le 28 f\u00e9vrier 2026, selon une lettre officielle adress\u00e9e aux Nations Unies par le ministre iranien des Affaires \u00e9trang\u00e8res, Abbas Araghchi.<\/p>\n\n\n\n<p>Dans ce document transmis au secr\u00e9taire g\u00e9n\u00e9ral et au pr\u00e9sident du Conseil de s\u00e9curit\u00e9, le chef de la diplomatie iranienne qualifie l&rsquo;attaque d'\u00a0\u00bb acte terroriste l\u00e2che \u00a0\u00bb visant \u00a0\u00bb la plus haute autorit\u00e9 officielle d&rsquo;un \u00c9tat membre des Nations Unies \u00ab\u00a0, rapporte le m\u00e9dia Russia Today (RT).<\/p>\n\n\n\n<p>T\u00e9h\u00e9ran accuse Washington et Tel-Aviv d&rsquo;avoir viol\u00e9 sa souverainet\u00e9 nationale ainsi que la Charte des Nations Unies, qui interdit le recours \u00e0 la force contre un \u00c9tat membre. Le ministre iranien estime qu&rsquo;une absence de r\u00e9action internationale face \u00e0 cet \u00e9v\u00e9nement porterait \u00a0\u00bb un coup durable \u00e0 l&rsquo;ordre juridique mondial \u00ab\u00a0. La d\u00e9claration iranienne marque une nouvelle escalade dans une r\u00e9gion d\u00e9j\u00e0 secou\u00e9e par les tensions militaires et diplomatiques, alimentant les craintes d&rsquo;un conflit ouvert impliquant plusieurs puissances.<\/p>\n\n\n\n<p>En saisissant le Conseil de s\u00e9curit\u00e9, l&rsquo;Iran cherche \u00e0 internationaliser la crise tout en affirmant sa d\u00e9termination \u00e0 r\u00e9pondre \u00e0 ce qu&rsquo;il consid\u00e8re comme une atteinte majeure \u00e0 son int\u00e9grit\u00e9 territoriale et \u00e0 sa souverainet\u00e9. Les prochaines r\u00e9actions des grandes puissances et des organisations internationales seront d\u00e9terminantes pour mesurer l&rsquo;ampleur du risque d&#8217;embrasement r\u00e9gional.<\/p>\n","protected":false},"excerpt":{"rendered":"<p>Par LM Le Moyen-Orient bascule dans une phase de tension extr\u00eame. Apr\u00e8s l&rsquo;assassinat du Guide supr\u00eame iranien,Ali Khamenei, T\u00e9h\u00e9ran affirme se consid\u00e9rer en \u00e9tat de \u00a0\u00bb guerre \u00e0 grande \u00e9chelle \u00a0\u00bb et promet des repr\u00e9sailles contre les \u00c9tats-Unis et Isra\u00ebl, qu&rsquo;il accuse d&rsquo;\u00eatre responsables de l&rsquo;attaque. Dans une lettre officielle adress\u00e9e aux Nations Unies, le [&hellip;]<\/p>\n","protected":false},"author":1,"featured_media":76171,"comment_status":"closed","ping_status":"closed","sticky":false,"template":"","format":"standard","meta":{"footnotes":""},"categories":[136,27,135,134,130,5],"tags":[],"class_list":["post-76170","post","type-post","status-publish","format-standard","has-post-thumbnail","hentry","category-a-la-une","category-internationale","category-internationale-2","category-la-tempete-des-tropiques","category-nation","category-politique"],"_links":{"self":[{"href":"http:\/\/www.latempete.info\/index.php?rest_route=\/wp\/v2\/posts\/76170"}],"collection":[{"href":"http:\/\/www.latempete.info\/index.php?rest_route=\/wp\/v2\/posts"}],"about":[{"href":"http:\/\/www.latempete.info\/index.php?rest_route=\/wp\/v2\/types\/post"}],"author":[{"embeddable":true,"href":"http:\/\/www.latempete.info\/index.php?rest_route=\/wp\/v2\/users\/1"}],"replies":[{"embeddable":true,"href":"http:\/\/www.latempete.info\/index.php?rest_route=%2Fwp%2Fv2%2Fcomments&post=76170"}],"version-history":[{"count":1,"href":"http:\/\/www.latempete.info\/index.php?rest_route=\/wp\/v2\/posts\/76170\/revisions"}],"predecessor-version":[{"id":76172,"href":"http:\/\/www.latempete.info\/index.php?rest_route=\/wp\/v2\/posts\/76170\/revisions\/76172"}],"wp:featuredmedia":[{"embeddable":true,"href":"http:\/\/www.latempete.info\/index.php?rest_route=\/wp\/v2\/media\/76171"}],"wp:attachment":[{"href":"http:\/\/www.latempete.info\/index.php?rest_route=%2Fwp%2Fv2%2Fmedia&parent=76170"}],"wp:term":[{"taxonomy":"category","embeddable":true,"href":"http:\/\/www.latempete.info\/index.php?rest_route=%2Fwp%2Fv2%2Fcategories&post=76170"},{"taxonomy":"post_tag","embeddable":true,"href":"http:\/\/www.latempete.info\/index.php?rest_route=%2Fwp%2Fv2%2Ftags&post=76170"}],"curies":[{"name":"wp","href":"https:\/\/api.w.org\/{rel}","templated":true}]}}