{"id":76187,"date":"2026-03-03T19:50:49","date_gmt":"2026-03-03T19:50:49","guid":{"rendered":"https:\/\/www.latempete.info\/?p=76187"},"modified":"2026-03-03T19:51:03","modified_gmt":"2026-03-03T19:51:03","slug":"creation-de-linstitut-monetaire-africain-felix-tshisekedi-et-le-fmi-etudient-le-projet","status":"publish","type":"post","link":"http:\/\/www.latempete.info\/?p=76187","title":{"rendered":"Cr\u00e9ation de l&rsquo;Institut Mon\u00e9taire Africain : F\u00e9lix Tshisekedi et le FMI \u00e9tudient le projet"},"content":{"rendered":"\n<p>Par LM<\/p>\n\n\n\n<p>Le pr\u00e9sident de la R\u00e9publique, F\u00e9lix Tshisekedi, s&rsquo;est entretenu vendredi dernier \u00e0 Kinshasa avec une d\u00e9l\u00e9gation d&rsquo;acteurs du secteur bancaire et du Fonds mon\u00e9taire international (FMI), autour du projet de cr\u00e9ation de l&rsquo;Institut mon\u00e9taire africain (IMA), annonc\u00e9 pour 2026. Les \u00e9changes ont port\u00e9 sur l&rsquo;\u00e9tat d&rsquo;avancement de cette initiative continentale, dont la vocation est d&rsquo;harmoniser les politiques mon\u00e9taires en Afrique et de pr\u00e9parer la mise en place d&rsquo;une architecture financi\u00e8re int\u00e9gr\u00e9e.<\/p>\n\n\n\n<p>Lors de son dernier sommet tenu \u00e0 Addis-Abeba, en \u00c9thiopie, l&rsquo;Union africaine (UA) a approuv\u00e9 l&rsquo;adh\u00e9sion permanente du Nigeria au Conseil d&rsquo;administration de l&rsquo;Institut mon\u00e9taire africain (African Monetary Institute, AMI). Cette structure est con\u00e7ue comme une \u00e9tape pr\u00e9alable \u00e0 la cr\u00e9ation de la Banque centrale africaine (BCA) et, \u00e0 terme, d&rsquo;une monnaie unique pour le continent.<\/p>\n\n\n\n<p>Le projet de monnaie unique africaine s&rsquo;inscrit dans une dynamique ancienne. Il trouve ses fondements dans le Trait\u00e9 d&rsquo;Abuja de 1991, qui \u00e9tablissait un calendrier progressif pour l&rsquo;int\u00e9gration \u00e9conomique du continent et la mise en place d&rsquo;une Communaut\u00e9 \u00e9conomique africaine. Depuis la cr\u00e9ation de l&rsquo;UA en 2002, l&rsquo;initiative a \u00e9t\u00e9 relanc\u00e9e avec l&rsquo;ambition, \u00e0 terme, d&rsquo;aboutir \u00e0 une monnaie commune, souvent d\u00e9sign\u00e9e sous l&rsquo;appellation \u00a0\u00bb afro \u00ab\u00a0, appel\u00e9e \u00e0 remplacer les monnaies nationales et \u00e0 renforcer la souverainet\u00e9 mon\u00e9taire des \u00c9tats africains.<\/p>\n\n\n\n<p>La rencontre a r\u00e9uni notamment le gouverneur de la Banque des \u00c9tats de l&rsquo;Afrique centrale (BEAC) et pr\u00e9sident en exercice de l&rsquo;Association des Banques Centrales Africaines (ABCA), Yvon Sana Bangui, ainsi que Regis O. N&rsquo;sonde, administrateur du groupe Afrique III au FMI. Le professeur Jepht\u00e9 Sumbu, r\u00e9cemment nomm\u00e9 premier administrateur suppl\u00e9ant au sein de l&rsquo;institution de Bretton Woods, a \u00e9galement pris part aux \u00e9changes.<\/p>\n","protected":false},"excerpt":{"rendered":"<p>Par LM Le pr\u00e9sident de la R\u00e9publique, F\u00e9lix Tshisekedi, s&rsquo;est entretenu vendredi dernier \u00e0 Kinshasa avec une d\u00e9l\u00e9gation d&rsquo;acteurs du secteur bancaire et du Fonds mon\u00e9taire international (FMI), autour du projet de cr\u00e9ation de l&rsquo;Institut mon\u00e9taire africain (IMA), annonc\u00e9 pour 2026. Les \u00e9changes ont port\u00e9 sur l&rsquo;\u00e9tat d&rsquo;avancement de cette initiative continentale, dont la vocation [&hellip;]<\/p>\n","protected":false},"author":1,"featured_media":0,"comment_status":"closed","ping_status":"closed","sticky":false,"template":"","format":"standard","meta":{"footnotes":""},"categories":[7,134,130,5],"tags":[],"class_list":["post-76187","post","type-post","status-publish","format-standard","hentry","category-economie","category-la-tempete-des-tropiques","category-nation","category-politique"],"_links":{"self":[{"href":"http:\/\/www.latempete.info\/index.php?rest_route=\/wp\/v2\/posts\/76187"}],"collection":[{"href":"http:\/\/www.latempete.info\/index.php?rest_route=\/wp\/v2\/posts"}],"about":[{"href":"http:\/\/www.latempete.info\/index.php?rest_route=\/wp\/v2\/types\/post"}],"author":[{"embeddable":true,"href":"http:\/\/www.latempete.info\/index.php?rest_route=\/wp\/v2\/users\/1"}],"replies":[{"embeddable":true,"href":"http:\/\/www.latempete.info\/index.php?rest_route=%2Fwp%2Fv2%2Fcomments&post=76187"}],"version-history":[{"count":1,"href":"http:\/\/www.latempete.info\/index.php?rest_route=\/wp\/v2\/posts\/76187\/revisions"}],"predecessor-version":[{"id":76188,"href":"http:\/\/www.latempete.info\/index.php?rest_route=\/wp\/v2\/posts\/76187\/revisions\/76188"}],"wp:attachment":[{"href":"http:\/\/www.latempete.info\/index.php?rest_route=%2Fwp%2Fv2%2Fmedia&parent=76187"}],"wp:term":[{"taxonomy":"category","embeddable":true,"href":"http:\/\/www.latempete.info\/index.php?rest_route=%2Fwp%2Fv2%2Fcategories&post=76187"},{"taxonomy":"post_tag","embeddable":true,"href":"http:\/\/www.latempete.info\/index.php?rest_route=%2Fwp%2Fv2%2Ftags&post=76187"}],"curies":[{"name":"wp","href":"https:\/\/api.w.org\/{rel}","templated":true}]}}