{"id":76189,"date":"2026-03-03T20:01:28","date_gmt":"2026-03-03T20:01:28","guid":{"rendered":"https:\/\/www.latempete.info\/?p=76189"},"modified":"2026-03-03T20:01:28","modified_gmt":"2026-03-03T20:01:28","slug":"mikelenge-kindu-la-population-privee-deau-de-la-regideso-depuis-deux-semaines","status":"publish","type":"post","link":"http:\/\/www.latempete.info\/?p=76189","title":{"rendered":"Mikelenge\/Kindu : La population priv\u00e9e d&rsquo;eau de la REGIDESO depuis deux semaines"},"content":{"rendered":"\n<p>Par LM<\/p>\n\n\n\n<p>La p\u00e9nurie d&rsquo;eau potable prend une tournure pr\u00e9occupante dans la ville de Kindu. Au quartier Mikelenge, dans la commune portant le m\u00eame nom, l&rsquo;acc\u00e8s \u00e0 l&rsquo;eau fournie par la REGIDESO devient de plus en plus difficile. Selon les t\u00e9moignages recueillis le 28 f\u00e9vrier 2026, cela fait exactement deux semaines que la desserte en eau potable est interrompue, sans aucune communication officielle.<\/p>\n\n\n\n<p>Face \u00e0 cette situation qui ne cesse de se d\u00e9grader, les habitants de Mikelenge expriment leur inqui\u00e9tude avant de lancer un SOS aux autorit\u00e9s provinciales afin qu&rsquo;une solution rapide soit trouv\u00e9e. \u00a0\u00bb Ici \u00e0 la cit\u00e9, nous avons un s\u00e9rieux probl\u00e8me d&rsquo;eau potable. Nous souffrons s\u00e9rieusement. C&rsquo;est environ deux semaines que nous sommes desservis. Nous sommes oblig\u00e9s d&rsquo;aller par-ci par-l\u00e0 pour trouver l&rsquo;eau \u00e0 boire. Nous demandons aux autorit\u00e9s de nous venir en aide de ce c\u00f4t\u00e9 car nous souffrons. Nous sommes vraiment oubli\u00e9s par la REGIDESO\u00a0\u00bb, a d\u00e9plor\u00e9 une m\u00e9nag\u00e8re.<\/p>\n\n\n\n<p>Quant \u00e0 une dame qui vit de la d\u00e9brouillardise, \u00a0\u00bb le s\u00e9rieux probl\u00e8me ici c&rsquo;est l&rsquo;eau potable. C&rsquo;est environ une semaine et demie que nous sommes desservis par la R\u00e9gie des eaux ici \u00e0 la cit\u00e9. Maintenant, nous allons chercher de l&rsquo;eau \u00e0 la mission. Nous nous contentons de l&rsquo;eau d&rsquo;Enabel, mais h\u00e9las, le parcours est long et il y a beaucoup de gens. Nous demandons \u00e0 la REGIDESO de nous desservir en eau potable car nous souffrons vraiment\u00a0\u00bb, s&rsquo;inqui\u00e8te-t-elle. Jusqu&rsquo;\u00e0 pr\u00e9sent, les efforts fournis pour avoir la version des responsables de la REGIDESO concernant cette p\u00e9nurie d&rsquo;eau n&rsquo;ont pas encore abouti.<\/p>\n","protected":false},"excerpt":{"rendered":"<p>Par LM La p\u00e9nurie d&rsquo;eau potable prend une tournure pr\u00e9occupante dans la ville de Kindu. Au quartier Mikelenge, dans la commune portant le m\u00eame nom, l&rsquo;acc\u00e8s \u00e0 l&rsquo;eau fournie par la REGIDESO devient de plus en plus difficile. Selon les t\u00e9moignages recueillis le 28 f\u00e9vrier 2026, cela fait exactement deux semaines que la desserte en [&hellip;]<\/p>\n","protected":false},"author":1,"featured_media":0,"comment_status":"closed","ping_status":"","sticky":false,"template":"","format":"standard","meta":{"footnotes":""},"categories":[134,25,10],"tags":[],"class_list":["post-76189","post","type-post","status-publish","format-standard","hentry","category-la-tempete-des-tropiques","category-province","category-societe"],"_links":{"self":[{"href":"http:\/\/www.latempete.info\/index.php?rest_route=\/wp\/v2\/posts\/76189"}],"collection":[{"href":"http:\/\/www.latempete.info\/index.php?rest_route=\/wp\/v2\/posts"}],"about":[{"href":"http:\/\/www.latempete.info\/index.php?rest_route=\/wp\/v2\/types\/post"}],"author":[{"embeddable":true,"href":"http:\/\/www.latempete.info\/index.php?rest_route=\/wp\/v2\/users\/1"}],"replies":[{"embeddable":true,"href":"http:\/\/www.latempete.info\/index.php?rest_route=%2Fwp%2Fv2%2Fcomments&post=76189"}],"version-history":[{"count":2,"href":"http:\/\/www.latempete.info\/index.php?rest_route=\/wp\/v2\/posts\/76189\/revisions"}],"predecessor-version":[{"id":76191,"href":"http:\/\/www.latempete.info\/index.php?rest_route=\/wp\/v2\/posts\/76189\/revisions\/76191"}],"wp:attachment":[{"href":"http:\/\/www.latempete.info\/index.php?rest_route=%2Fwp%2Fv2%2Fmedia&parent=76189"}],"wp:term":[{"taxonomy":"category","embeddable":true,"href":"http:\/\/www.latempete.info\/index.php?rest_route=%2Fwp%2Fv2%2Fcategories&post=76189"},{"taxonomy":"post_tag","embeddable":true,"href":"http:\/\/www.latempete.info\/index.php?rest_route=%2Fwp%2Fv2%2Ftags&post=76189"}],"curies":[{"name":"wp","href":"https:\/\/api.w.org\/{rel}","templated":true}]}}