{"id":76192,"date":"2026-03-04T12:30:27","date_gmt":"2026-03-04T12:30:27","guid":{"rendered":"https:\/\/www.latempete.info\/?p=76192"},"modified":"2026-03-04T12:30:43","modified_gmt":"2026-03-04T12:30:43","slug":"a-travers-le-forum-national-ouvert-a-kinshasa-felix-tshisekedi-veut-renforcer-lautorite-coutumiere","status":"publish","type":"post","link":"http:\/\/www.latempete.info\/?p=76192","title":{"rendered":"A travers le Forum national ouvert \u00e0 Kinshasa : F\u00e9lix Tshisekedi veut renforcer l&rsquo;autorit\u00e9 coutumi\u00e8re"},"content":{"rendered":"\n<p>Par Carroll MADIYA<\/p>\n\n\n\n<p>Le Pr\u00e9sident de la R\u00e9publique, F\u00e9lix Antoine Tshisekedi Tshilombo, a officiellement lanc\u00e9, le lundi 2 mars, \u00e0 Kinshasa, les travaux du Forum national des affaires coutumi\u00e8res.<br>Plac\u00e9 sous le th\u00e8me : \u00a0\u00bb le renforcement de l&rsquo;autorit\u00e9 coutumi\u00e8re, gage de stabilit\u00e9 et d\u00e9veloppement, de la s\u00e9curit\u00e9 et de la coh\u00e9sion des communaut\u00e9s en R\u00e9publique d\u00e9mocratique du Congo \u00ab\u00a0, ce forum constitue, pour le vice-premier ministre de l&rsquo;int\u00e9rieur et s\u00e9curit\u00e9, un cadre d&rsquo;\u00e9changes pour la recherche de solutions aux probl\u00e8mes qui secouent le secteur coutumier, \u00e0 la base des tensions communautaires.<\/p>\n\n\n\n<p>Dans son discours du jour, il a souhait\u00e9 \u00eatre un cadre pour poser les bases d&rsquo;une v\u00e9ritable politique nationale des affaires coutumi\u00e8res. Le Pr\u00e9sident de la R\u00e9publique a \u00e9num\u00e9r\u00e9 ses attentes pour ces assises de quatre jours, entre autres : l&rsquo;\u00e9laboration de grandes lignes d&rsquo;une politique nationale des affaires coutumi\u00e8res, la dotation au pays d&rsquo;une base des donn\u00e9es fiables, actualis\u00e9es des entit\u00e9s coutumi\u00e8res et de leurs animateurs l\u00e9gitimes afin d&rsquo;\u00e9viter les confusions, les manipulations ainsi que les conflits de succession qui fragilisent les communaut\u00e9s et ouvrent la porte aux ing\u00e9rences ; l&rsquo;int\u00e9gration des peuples autochtones, notamment les pygm\u00e9es, dans cette architecture tout en respectant leurs sp\u00e9cificit\u00e9s, leurs droits et leur participation \u00e0 la vie nationale.<\/p>\n\n\n\n<p>\u00a0\u00bb Une R\u00e9publique ne laisse aucune composante au bord du chemin \u00ab\u00a0, a d\u00e9clar\u00e9 F\u00e9lix Tshisekedi qui a, par ailleurs, insist\u00e9, dans ses attentes, de promouvoir la place de la femme et des jeunes dans le dynamique coutumier, tout en estimant important le dialogue avec toutes les composantes de la soci\u00e9t\u00e9.<\/p>\n\n\n\n<p>F\u00e9lix Tshisekedi a , enfin, martel\u00e9 sur le renforcement du r\u00f4le de m\u00e9diation et de pr\u00e9vention des conflits des autorit\u00e9s coutumi\u00e8res dans les diff\u00e9rends fonciers, des conflits intercommunautaires, de la coexistence entre agriculture et exploitation mini\u00e8re ou des tensions li\u00e9es \u00e0 l&rsquo;exploitation des ressources naturelles.<\/p>\n\n\n\n<p>Cinq th\u00e9matiques Sont pass\u00e9es au peigne fin par les participants r\u00e9partis en groupes de travail, \u00e0 savoir : la d\u00e9centralisation du d\u00e9veloppement local, la gouvernance coutumi\u00e8re et la s\u00e9curit\u00e9 ; le statut des chefs coutumiers ; l&rsquo;int\u00e9gration des peuples autochtones pygm\u00e9es ; la mise en place d&rsquo;une strat\u00e9gie sectorielle transversale pour la gouvernance coutumi\u00e8re ainsi que le r\u00f4le et l&rsquo;apport des femmes et des jeunes dans la gouvernance coutumi\u00e8re.<\/p>\n","protected":false},"excerpt":{"rendered":"<p>Par Carroll MADIYA Le Pr\u00e9sident de la R\u00e9publique, F\u00e9lix Antoine Tshisekedi Tshilombo, a officiellement lanc\u00e9, le lundi 2 mars, \u00e0 Kinshasa, les travaux du Forum national des affaires coutumi\u00e8res.Plac\u00e9 sous le th\u00e8me : \u00a0\u00bb le renforcement de l&rsquo;autorit\u00e9 coutumi\u00e8re, gage de stabilit\u00e9 et d\u00e9veloppement, de la s\u00e9curit\u00e9 et de la coh\u00e9sion des communaut\u00e9s en R\u00e9publique [&hellip;]<\/p>\n","protected":false},"author":1,"featured_media":76193,"comment_status":"closed","ping_status":"closed","sticky":false,"template":"","format":"standard","meta":{"footnotes":""},"categories":[136,134,130,5],"tags":[],"class_list":["post-76192","post","type-post","status-publish","format-standard","has-post-thumbnail","hentry","category-a-la-une","category-la-tempete-des-tropiques","category-nation","category-politique"],"_links":{"self":[{"href":"http:\/\/www.latempete.info\/index.php?rest_route=\/wp\/v2\/posts\/76192"}],"collection":[{"href":"http:\/\/www.latempete.info\/index.php?rest_route=\/wp\/v2\/posts"}],"about":[{"href":"http:\/\/www.latempete.info\/index.php?rest_route=\/wp\/v2\/types\/post"}],"author":[{"embeddable":true,"href":"http:\/\/www.latempete.info\/index.php?rest_route=\/wp\/v2\/users\/1"}],"replies":[{"embeddable":true,"href":"http:\/\/www.latempete.info\/index.php?rest_route=%2Fwp%2Fv2%2Fcomments&post=76192"}],"version-history":[{"count":1,"href":"http:\/\/www.latempete.info\/index.php?rest_route=\/wp\/v2\/posts\/76192\/revisions"}],"predecessor-version":[{"id":76194,"href":"http:\/\/www.latempete.info\/index.php?rest_route=\/wp\/v2\/posts\/76192\/revisions\/76194"}],"wp:featuredmedia":[{"embeddable":true,"href":"http:\/\/www.latempete.info\/index.php?rest_route=\/wp\/v2\/media\/76193"}],"wp:attachment":[{"href":"http:\/\/www.latempete.info\/index.php?rest_route=%2Fwp%2Fv2%2Fmedia&parent=76192"}],"wp:term":[{"taxonomy":"category","embeddable":true,"href":"http:\/\/www.latempete.info\/index.php?rest_route=%2Fwp%2Fv2%2Fcategories&post=76192"},{"taxonomy":"post_tag","embeddable":true,"href":"http:\/\/www.latempete.info\/index.php?rest_route=%2Fwp%2Fv2%2Ftags&post=76192"}],"curies":[{"name":"wp","href":"https:\/\/api.w.org\/{rel}","templated":true}]}}