{"id":76195,"date":"2026-03-04T13:40:41","date_gmt":"2026-03-04T13:40:41","guid":{"rendered":"https:\/\/www.latempete.info\/?p=76195"},"modified":"2026-03-04T13:41:45","modified_gmt":"2026-03-04T13:41:45","slug":"agression-de-la-rdc-et-violation-de-laccord-de-paix-quatre-officiers-rwandais-sanctionnes-par-les-usa","status":"publish","type":"post","link":"http:\/\/www.latempete.info\/?p=76195","title":{"rendered":"Agression de la RDC et violation de l&rsquo;Accord de paix : Quatre officiers rwandais sanctionn\u00e9s par les USA"},"content":{"rendered":"\n<p>Par DMK<\/p>\n\n\n\n<p>D\u00e9termin\u00e9s \u00e0 restaurer la paix dans l&rsquo;Est de la R\u00e9publique D\u00e9mocratique du Congo, les \u00c9tats-Unis ont annonc\u00e9, lundi 2 mars, de nouvelles sanctions contre les Forces de d\u00e9fense rwandaises (RDF) et quatre de leurs officiers sup\u00e9rieurs. Ces derniers sont accus\u00e9s de soutenir le groupe rebelle du Mouvement M23 dans l&rsquo;Est de la RDC. Ces mesures interviennent alors que les combats s&rsquo;intensifient dans la r\u00e9gion, notamment autour de la cit\u00e9 strat\u00e9gique d&rsquo;Uvira.<\/p>\n\n\n\n<p>\u00ab\u00a0Aujourd&rsquo;hui, les \u00c9tats-Unis sanctionnent les Forces de d\u00e9fense rwandaises et quatre officiers sup\u00e9rieurs des FDR pour leur soutien op\u00e9rationnel direct au Mouvement du 23 mars (M23) et \u00e0 ses affili\u00e9s dans l&rsquo;Est de la R\u00e9publique D\u00e9mocratique du Congo (RDC)\u00a0\u00bb, a indiqu\u00e9 le d\u00e9partement d&rsquo;\u00c9tat dans un communiqu\u00e9.<\/p>\n\n\n\n<p>Les quatre officiers rwandais sanctionn\u00e9s sont notamment : Vincent Nyakarundi, Chef d&rsquo;\u00e9tat-major de l&rsquo;Arm\u00e9e de terre ; Ruki Karusisi, commandant 5\u00e8me Division d&rsquo;infanterie ; Mubarakh Muganga, chef d&rsquo;Etat-major g\u00e9n\u00e9ral ; et Stanislas Gashugi, commandant des forces sp\u00e9ciales rwandaises.<\/p>\n\n\n\n<p>Des \u00ab\u00a0violations flagrantes des droits humains\u00a0\u00bb<\/p>\n\n\n\n<p>Pour rappel, le M23 avait d\u00e9clench\u00e9, en d\u00e9cembre dernier, une offensive sur la cit\u00e9 strat\u00e9gique d&rsquo;Uvira, dans la province du Sud-Kivu, provoquant la col\u00e8re de Washington, m\u00e9diateur de l&rsquo;accord de paix conclu entre la RDC et le Rwanda. Les rebelles avaient fini par se retirer d&rsquo;Uvira suite \u00e0 la pression des Etats-Unis. Mais, leur pr\u00e9sence maintenue aux abords de la fronti\u00e8re burundaise fait peser, selon le Tr\u00e9sor, \u00ab\u00a0le risque d&rsquo;une escalade du conflit en une guerre r\u00e9gionale plus large\u00a0\u00bb. Les affrontements se poursuivent sur plusieurs fronts dans l&rsquo;Est du pays.<\/p>\n\n\n\n<p>En outre, les \u00c9tats-Unis et l&rsquo;ONU tiennent aussi le M23 pour responsable de graves violations des droits humains, notamment des ex\u00e9cutions sommaires et des actes de violence contre des civils, y compris des femmes et des enfants, \u00e0 en croire le porte-parole du D\u00e9partement d&rsquo;\u00c9tat, Tommy Pigott. \u00ab\u00a0Le soutien continu des FDR et de ses hauts responsables a permis au M23 de s&#8217;emparer du territoire souverain de la RDC et de poursuivre ces graves violations\u00a0\u00bb. Le Tr\u00e9sor am\u00e9ricain estime, de son c\u00f4t\u00e9, que les gains territoriaux des rebelles n&rsquo;auraient pas \u00e9t\u00e9 possibles sans l&rsquo;appui rwandais.<\/p>\n\n\n\n<p>\u00ab\u00a0Une profonde reconnaissance de Kinshasa aux \u00c9tats-Unis\u00a0\u00bb<\/p>\n\n\n\n<p>A en croire le D\u00e9partement d&rsquo;Etat, \u00a0\u00bb les \u00c9tats-Unis sont pr\u00eats \u00e0 utiliser tous les moyens \u00e0 leur disposition pour s&rsquo;assurer que la RDC et le Rwanda tiennent les promesses de cet accord historique\u00a0\u00bb.<\/p>\n\n\n\n<p>Les sanctions am\u00e9ricaines impliquent le gel de l&rsquo;ensemble des avoirs d\u00e9tenus directement ou indirectement aux \u00c9tats-Unis par les personnes vis\u00e9es, ainsi que l&rsquo;interdiction pour toute personne ou entreprise am\u00e9ricaine de faire affaire avec elles.<\/p>\n\n\n\n<p>Dans un communiqu\u00e9 distinct, le secr\u00e9taire au Tr\u00e9sor, Scott Bessent, a d\u00e9clar\u00e9 que les \u00c9tats Unis s&rsquo;attendaient \u00ab\u00a0au retrait imm\u00e9diat des troupes, des armes et de l&rsquo;\u00e9quipement\u00a0\u00bb des RDF. Selon lui, des milliers de soldats rwandais sont toujours d\u00e9ploy\u00e9s dans l&rsquo;Est de la RDC, o\u00f9 ils participent activement \u00e0 des op\u00e9rations de combat et facilitent le contr\u00f4le du territoire par le M23.<\/p>\n\n\n\n<p>Dans un communiqu\u00e9 transmis \u00e0 Reuters, le Gouvernement rwandais a d\u00e9nonc\u00e9 des sanctions qui ciblent injustement une seule partie au processus de paix et \u00ab\u00a0d\u00e9forment les faits du conflit\u00a0\u00bb. Kigali assure \u00eatre engag\u00e9 dans le retrait de ses forces dans le cadre de la m\u00e9diation am\u00e9ricaine, mais accuse Kinshasa de ne pas avoir tenu ses propres engagements, notamment concernant le d\u00e9mant\u00e8lement des milices arm\u00e9es. Pour sa part, Kinshasa exprime sa \u00a0\u00bb profonde reconnaissance aux \u00c9tats-Unis\u00a0\u00bb. Dans un communiqu\u00e9 diffus\u00e9 lundi soir, le Gouvernement congolais a salu\u00e9 la d\u00e9cision de Washington, tout en affirmant que \u00a0\u00bb Ces mesures constituent un signal clair en faveur du respect de la souverainet\u00e9 et de l&rsquo;int\u00e9grit\u00e9 territoriale de la RDC \u00ab\u00a0.<\/p>\n","protected":false},"excerpt":{"rendered":"<p>Par DMK D\u00e9termin\u00e9s \u00e0 restaurer la paix dans l&rsquo;Est de la R\u00e9publique D\u00e9mocratique du Congo, les \u00c9tats-Unis ont annonc\u00e9, lundi 2 mars, de nouvelles sanctions contre les Forces de d\u00e9fense rwandaises (RDF) et quatre de leurs officiers sup\u00e9rieurs. Ces derniers sont accus\u00e9s de soutenir le groupe rebelle du Mouvement M23 dans l&rsquo;Est de la RDC. [&hellip;]<\/p>\n","protected":false},"author":1,"featured_media":76197,"comment_status":"closed","ping_status":"closed","sticky":false,"template":"","format":"standard","meta":{"footnotes":""},"categories":[136,27,135,134,130,5],"tags":[],"class_list":["post-76195","post","type-post","status-publish","format-standard","has-post-thumbnail","hentry","category-a-la-une","category-internationale","category-internationale-2","category-la-tempete-des-tropiques","category-nation","category-politique"],"_links":{"self":[{"href":"http:\/\/www.latempete.info\/index.php?rest_route=\/wp\/v2\/posts\/76195"}],"collection":[{"href":"http:\/\/www.latempete.info\/index.php?rest_route=\/wp\/v2\/posts"}],"about":[{"href":"http:\/\/www.latempete.info\/index.php?rest_route=\/wp\/v2\/types\/post"}],"author":[{"embeddable":true,"href":"http:\/\/www.latempete.info\/index.php?rest_route=\/wp\/v2\/users\/1"}],"replies":[{"embeddable":true,"href":"http:\/\/www.latempete.info\/index.php?rest_route=%2Fwp%2Fv2%2Fcomments&post=76195"}],"version-history":[{"count":1,"href":"http:\/\/www.latempete.info\/index.php?rest_route=\/wp\/v2\/posts\/76195\/revisions"}],"predecessor-version":[{"id":76198,"href":"http:\/\/www.latempete.info\/index.php?rest_route=\/wp\/v2\/posts\/76195\/revisions\/76198"}],"wp:featuredmedia":[{"embeddable":true,"href":"http:\/\/www.latempete.info\/index.php?rest_route=\/wp\/v2\/media\/76197"}],"wp:attachment":[{"href":"http:\/\/www.latempete.info\/index.php?rest_route=%2Fwp%2Fv2%2Fmedia&parent=76195"}],"wp:term":[{"taxonomy":"category","embeddable":true,"href":"http:\/\/www.latempete.info\/index.php?rest_route=%2Fwp%2Fv2%2Fcategories&post=76195"},{"taxonomy":"post_tag","embeddable":true,"href":"http:\/\/www.latempete.info\/index.php?rest_route=%2Fwp%2Fv2%2Ftags&post=76195"}],"curies":[{"name":"wp","href":"https:\/\/api.w.org\/{rel}","templated":true}]}}