{"id":76200,"date":"2026-03-04T14:03:58","date_gmt":"2026-03-04T14:03:58","guid":{"rendered":"https:\/\/www.latempete.info\/?p=76200"},"modified":"2026-03-04T14:04:01","modified_gmt":"2026-03-04T14:04:01","slug":"unesco-le-directeur-general-condamne-le-meurtre-du-journaliste-alaa-mohammad","status":"publish","type":"post","link":"http:\/\/www.latempete.info\/?p=76200","title":{"rendered":"UNESCO : le Directeur g\u00e9n\u00e9ral condamne le meurtre du journaliste Alaa Mohammad"},"content":{"rendered":"\n<p>Par TSM<\/p>\n\n\n\n<p>Le Directeur g\u00e9n\u00e9ral de l&rsquo;Organisation des Nations Unies pour l&rsquo;\u00c9ducation, la Science et la Culture (UNESCO), Khaled El-Enany, a fermement condamn\u00e9 le meurtre du journaliste Alaa Mohammad, survenu le 21 f\u00e9vrier dans le gouvernorat de Lattaqui\u00e9 en Syrie.<\/p>\n\n\n\n<p>\u00a0\u00bb Je condamne le meurtre d&rsquo;Alaa Mohammad et demande l&rsquo;ouverture d&rsquo;une enqu\u00eate approfondie. Les journalistes jouent un r\u00f4le essentiel dans la circulation de l&rsquo;information n\u00e9cessaire \u00e0 la construction de la paix dans les situations de conflit. Assurer leur protection est primordial pour toutes les parties \u00ab\u00a0, a d\u00e9clar\u00e9 Khaled El-Enany dans un communiqu\u00e9 de presse dat\u00e9 du 27 f\u00e9vrier 2026. Alaa Mohammad, journaliste de renomm\u00e9e, publiait r\u00e9guli\u00e8rement sur sa cha\u00eene en ligne \u00ab\u00a0With Alaa Mohammad\u00a0\u00bb. Il a \u00e9t\u00e9 retrouv\u00e9 mort \u00e0 son domicile dans le gouvernorat de Lattaqui\u00e9. Selon les informations disponibles, il a \u00e9t\u00e9 tu\u00e9 lors d&rsquo;une violente attaque survenue quelques heures apr\u00e8s avoir publi\u00e9 une vid\u00e9o sur des incidents li\u00e9s \u00e0 la s\u00e9curit\u00e9 locale.<\/p>\n\n\n\n<p>L&rsquo;UNESCO souligne son engagement \u00e0 promouvoir la s\u00e9curit\u00e9 des journalistes \u00e0 travers des campagnes de sensibilisation mondiale, un renforcement des capacit\u00e9s, ainsi que par divers moyens, notamment dans le cadre du Plan d&rsquo;action des Nations Unies sur la s\u00e9curit\u00e9 des journalistes et la question de l&rsquo;impunit\u00e9. Rappelons que l&rsquo;UNESCO compte 194 \u00c9tats membres et contribue \u00e0 la paix et \u00e0 la s\u00e9curit\u00e9 en favorisant la coop\u00e9ration multilat\u00e9rale dans les domaines de l&rsquo;\u00e9ducation, de la science, de la culture, de la communication et de l&rsquo;information. \u00a0\u00bb L&rsquo;UNESCO coordonne un r\u00e9seau de plus de 2000 sites inscrits au patrimoine mondial, de r\u00e9serves de biosph\u00e8re et de g\u00e9o parcs mondiaux, ainsi que plusieurs centaines de villes cr\u00e9atives, apprenantes, inclusives et durables. Elle compte \u00e9galement plus de 13 000 \u00e9coles associ\u00e9es, chaires universitaires, centres de formation et de recherche, tous reli\u00e9s par un r\u00e9seau mondial de 200 Commissions nationales \u00ab\u00a0, peut-on lire dans le document.<\/p>\n","protected":false},"excerpt":{"rendered":"<p>Par TSM Le Directeur g\u00e9n\u00e9ral de l&rsquo;Organisation des Nations Unies pour l&rsquo;\u00c9ducation, la Science et la Culture (UNESCO), Khaled El-Enany, a fermement condamn\u00e9 le meurtre du journaliste Alaa Mohammad, survenu le 21 f\u00e9vrier dans le gouvernorat de Lattaqui\u00e9 en Syrie. \u00a0\u00bb Je condamne le meurtre d&rsquo;Alaa Mohammad et demande l&rsquo;ouverture d&rsquo;une enqu\u00eate approfondie. Les journalistes [&hellip;]<\/p>\n","protected":false},"author":1,"featured_media":0,"comment_status":"closed","ping_status":"closed","sticky":false,"template":"","format":"standard","meta":{"footnotes":""},"categories":[134,25,10],"tags":[],"class_list":["post-76200","post","type-post","status-publish","format-standard","hentry","category-la-tempete-des-tropiques","category-province","category-societe"],"_links":{"self":[{"href":"http:\/\/www.latempete.info\/index.php?rest_route=\/wp\/v2\/posts\/76200"}],"collection":[{"href":"http:\/\/www.latempete.info\/index.php?rest_route=\/wp\/v2\/posts"}],"about":[{"href":"http:\/\/www.latempete.info\/index.php?rest_route=\/wp\/v2\/types\/post"}],"author":[{"embeddable":true,"href":"http:\/\/www.latempete.info\/index.php?rest_route=\/wp\/v2\/users\/1"}],"replies":[{"embeddable":true,"href":"http:\/\/www.latempete.info\/index.php?rest_route=%2Fwp%2Fv2%2Fcomments&post=76200"}],"version-history":[{"count":1,"href":"http:\/\/www.latempete.info\/index.php?rest_route=\/wp\/v2\/posts\/76200\/revisions"}],"predecessor-version":[{"id":76201,"href":"http:\/\/www.latempete.info\/index.php?rest_route=\/wp\/v2\/posts\/76200\/revisions\/76201"}],"wp:attachment":[{"href":"http:\/\/www.latempete.info\/index.php?rest_route=%2Fwp%2Fv2%2Fmedia&parent=76200"}],"wp:term":[{"taxonomy":"category","embeddable":true,"href":"http:\/\/www.latempete.info\/index.php?rest_route=%2Fwp%2Fv2%2Fcategories&post=76200"},{"taxonomy":"post_tag","embeddable":true,"href":"http:\/\/www.latempete.info\/index.php?rest_route=%2Fwp%2Fv2%2Ftags&post=76200"}],"curies":[{"name":"wp","href":"https:\/\/api.w.org\/{rel}","templated":true}]}}