{"id":76209,"date":"2026-03-04T14:59:08","date_gmt":"2026-03-04T14:59:08","guid":{"rendered":"https:\/\/www.latempete.info\/?p=76209"},"modified":"2026-03-04T14:59:41","modified_gmt":"2026-03-04T14:59:41","slug":"les-7-et-20-mars-a-la-halle-de-la-gombe-lecture-pour-enfant-et-5eme-edition-du-prix-voix-dafrique","status":"publish","type":"post","link":"http:\/\/www.latempete.info\/?p=76209","title":{"rendered":"Les 7 et 20 mars \u00e0 la Halle de la Gombe : Lecture pour enfant et 5\u00e8me \u00e9dition du Prix Voix d&rsquo;Afrique"},"content":{"rendered":"\n<p>Par YHR<\/p>\n\n\n\n<p>Le samedi 7 mars, de 11 \u00e0 13h \u00e0 la m\u00e9diath\u00e8que de l&rsquo;Institut Fran\u00e7ais de Kinshasa, lecture de \u00a0\u00bb La famille et moi : lien, diff\u00e9rence et entraide \u00ab\u00a0. Cela, comme tous les premiers samedis du mois, il est donn\u00e9 aux enfants l&rsquo;occasion de voyager dans diff\u00e9rents univers gr\u00e2ce \u00e0 la lecture d&rsquo;albums par un animateur de la m\u00e9diath\u00e8que. Des r\u00e9cits, tout en fantaisie, sens\u00e9s stimuler l&rsquo;imagination et des plus jeunes et les bercer, au rythme des pages qui se tournent.<\/p>\n\n\n\n<p>Remise du 5\u00e8me Prix Voix d&rsquo;Afriques le vendredi 20 mars \u00e0 partir de 18h30 \u00e0 la Grande Halle. Cela, dans le cadre d&rsquo;une semaine sp\u00e9ciale c\u00e9l\u00e9brant les litt\u00e9ratures africaines. L&rsquo;auteur ira ensuite \u00e0 Paris pour une r\u00e9sidence \u00e0 la Cit\u00e9 internationale des arts.<\/p>\n\n\n\n<p>Pour l&rsquo;occasion, Mohamed Mbougar Sarr, pr\u00e9sident du jury et V\u00e9ronique Cardi, Anne-Sophie Stefanini, Catherine Fruchon-Toussaint, Hemley Boum et le laur\u00e9at, sont attendus \u00e0 la Halle de la Gombe.<\/p>\n\n\n\n<p>Faire \u00e9merger de jeunes autrices et auteurs de langue fran\u00e7aise en Afrique<\/p>\n\n\n\n<p>Initi\u00e9 par les \u00e9ditions Latt\u00e8s, RFI et la Cit\u00e9 internationale des arts, le prix \u00a0\u00bb Voix d&rsquo;Afriques \u00a0\u00bb est un prix litt\u00e9raire destin\u00e9 \u00e0 faire \u00e9merger de jeunes autrices et auteurs de langue fran\u00e7aise du continent africain.<\/p>\n\n\n\n<p>Les laur\u00e9ats pr\u00e9c\u00e9dents ont re\u00e7u des prix, ont \u00e9t\u00e9 traduits et reconnus comme les promesses des litt\u00e9ratures africaines.<\/p>\n","protected":false},"excerpt":{"rendered":"<p>Par YHR Le samedi 7 mars, de 11 \u00e0 13h \u00e0 la m\u00e9diath\u00e8que de l&rsquo;Institut Fran\u00e7ais de Kinshasa, lecture de \u00a0\u00bb La famille et moi : lien, diff\u00e9rence et entraide \u00ab\u00a0. Cela, comme tous les premiers samedis du mois, il est donn\u00e9 aux enfants l&rsquo;occasion de voyager dans diff\u00e9rents univers gr\u00e2ce \u00e0 la lecture d&rsquo;albums [&hellip;]<\/p>\n","protected":false},"author":1,"featured_media":0,"comment_status":"closed","ping_status":"closed","sticky":false,"template":"","format":"standard","meta":{"footnotes":""},"categories":[8,127,134,128],"tags":[],"class_list":["post-76209","post","type-post","status-publish","format-standard","hentry","category-culture-media","category-evenements","category-la-tempete-des-tropiques","category-litterature"],"_links":{"self":[{"href":"http:\/\/www.latempete.info\/index.php?rest_route=\/wp\/v2\/posts\/76209"}],"collection":[{"href":"http:\/\/www.latempete.info\/index.php?rest_route=\/wp\/v2\/posts"}],"about":[{"href":"http:\/\/www.latempete.info\/index.php?rest_route=\/wp\/v2\/types\/post"}],"author":[{"embeddable":true,"href":"http:\/\/www.latempete.info\/index.php?rest_route=\/wp\/v2\/users\/1"}],"replies":[{"embeddable":true,"href":"http:\/\/www.latempete.info\/index.php?rest_route=%2Fwp%2Fv2%2Fcomments&post=76209"}],"version-history":[{"count":1,"href":"http:\/\/www.latempete.info\/index.php?rest_route=\/wp\/v2\/posts\/76209\/revisions"}],"predecessor-version":[{"id":76210,"href":"http:\/\/www.latempete.info\/index.php?rest_route=\/wp\/v2\/posts\/76209\/revisions\/76210"}],"wp:attachment":[{"href":"http:\/\/www.latempete.info\/index.php?rest_route=%2Fwp%2Fv2%2Fmedia&parent=76209"}],"wp:term":[{"taxonomy":"category","embeddable":true,"href":"http:\/\/www.latempete.info\/index.php?rest_route=%2Fwp%2Fv2%2Fcategories&post=76209"},{"taxonomy":"post_tag","embeddable":true,"href":"http:\/\/www.latempete.info\/index.php?rest_route=%2Fwp%2Fv2%2Ftags&post=76209"}],"curies":[{"name":"wp","href":"https:\/\/api.w.org\/{rel}","templated":true}]}}