{"id":76266,"date":"2026-03-09T13:03:47","date_gmt":"2026-03-09T13:03:47","guid":{"rendered":"https:\/\/www.latempete.info\/?p=76266"},"modified":"2026-03-09T13:03:50","modified_gmt":"2026-03-09T13:03:50","slug":"visas-americains-geles-washington-frappe-a-nouveau-le-clan-kagame","status":"publish","type":"post","link":"http:\/\/www.latempete.info\/?p=76266","title":{"rendered":"Visas am\u00e9ricains gel\u00e9s : Washington frappe \u00e0 nouveau le clan Kagame"},"content":{"rendered":"\n<p>L&rsquo;objectif est de contraindre Kigali de retirer ses troupes du territoire congolais<\/p>\n\n\n\n<p>Par LM<\/p>\n\n\n\n<p>Dans l&rsquo;ombre de cette escalade diplomatique am\u00e9ricaine, un voile de myst\u00e8re entoure les identit\u00e9s pr\u00e9cises des hauts responsables rwandais frapp\u00e9s par les restrictions de visas annonc\u00e9es le 6 mars 2026. Selon l&rsquo;annonce officielle du D\u00e9partement d&rsquo;\u00c9tat, sign\u00e9e par le Secr\u00e9taire Marco Rubio et ancr\u00e9e dans la section 212(a)(3)(C) de la Loi sur l&rsquo;Immigration et la Nationalit\u00e9, ces mesures visent \u00ab\u00a0plusieurs hauts officiels rwandais\u00a0\u00bb accus\u00e9s de saper la paix dans l&rsquo;Est de la RDC en soutenant le M23 et en violant les Accords de Washington, mais aucun nom n&rsquo;est explicitement divulgu\u00e9, pr\u00e9servant une opacit\u00e9 strat\u00e9gique qui amplifie la tension\u00a0\u00bb.<\/p>\n\n\n\n<p>Cette discr\u00e9tion n&#8217;emp\u00eache pas les sp\u00e9culations de bouillonner : des analystes et observateurs, comme la journaliste britannique Michela Wrong, soulignent que Paul Kagame lui-m\u00eame incarne parfaitement le profil cibl\u00e9, en tant que dirigeant supr\u00eame orchestrant les politiques militaires rwandaises. \u00ab\u00a0Il est difficile d&rsquo;imaginer quelqu&rsquo;un correspondant mieux \u00e0 la description\u00a0\u00bb, a-t-elle d\u00e9clar\u00e9, pointant du doigt le r\u00f4le central de Kagame dans le soutien au Mouvement du 23 Mars (M23).<\/p>\n\n\n\n<p>Au c\u0153ur de ces conjectures se profile la famille Kagame, potentiellement dans la ligne de mire de ces sanctions qui s&rsquo;\u00e9tendent explicitement \u00e0 \u00ab\u00a0certains membres imm\u00e9diats de leurs familles\u00a0\u00bb, un coup de ma\u00eetre pour exercer une pression intime et d\u00e9stabilisante. Paul Kagame, dont les enfants ont souvent b\u00e9n\u00e9fici\u00e9 d&rsquo;opportunit\u00e9s \u00e9ducatives aux \u00c9tats-Unis, \u00e0 l&rsquo;image de sa fille Ange Kagame, dipl\u00f4m\u00e9e d&rsquo;universit\u00e9s am\u00e9ricaines comme Smith College et active dans des campagnes d&rsquo;influence pro-rwandaises sur les r\u00e9seaux sociaux, pourrait voir ces portes se fermer brutalement.<\/p>\n\n\n\n<p>Des activistes congolais et des observateurs sur X sp\u00e9culent que ces restrictions visent \u00e0 frapper l\u00e0 o\u00f9 \u00e7a fait mal, en bloquant l&rsquo;acc\u00e8s \u00e0 des \u00e9tudes, des soins m\u00e9dicaux ou des r\u00e9seaux d&rsquo;affaires outre-Atlantique pour le clan au pouvoir. Ange Kagame, souvent en premi\u00e8re ligne des op\u00e9rations num\u00e9riques d\u00e9fendant le r\u00e9gime contre ses d\u00e9tracteurs, y compris des attaques en ligne contre Rubio lui-m\u00eame, incarne ce risque familial, transformant les sanctions en une arme psychologique qui \u00e9branle les fondations du leadership rwandais.<\/p>\n\n\n\n<p>Ces soup\u00e7ons sur Kagame et ses proches soulignent l&rsquo;intention de Washington : isoler les architectes du conflit, for\u00e7ant un retrait imm\u00e9diat des forces rwandaises de la RDC. Quant \u00e0 savoir si ces sanctions engloutissent Kagame personnellement ou sa famille, les indices restent indirects mais intrigants. L&rsquo;annonce pr\u00e9cise que la politique \u00ab\u00a0peut s&rsquo;\u00e9tendre \u00e0 certains membres imm\u00e9diats de leurs familles\u00a0\u00bb, un levier con\u00e7u pour frapper au c\u0153ur des \u00e9lites, potentiellement barrant l&rsquo;acc\u00e8s \u00e0 des opportunit\u00e9s \u00e9ducatives ou m\u00e9dicales outre-Atlantique. <\/p>\n\n\n\n<p>Des voix sur les r\u00e9seaux, comme celles d&rsquo;activistes congolais, parient ouvertement que la famille Kagame est touch\u00e9e, citant les attaques en ligne men\u00e9es par des r\u00e9seaux rwandais contre Rubio lui-m\u00eame apr\u00e8s ses condamnations publiques. Ange Kagame, souvent au front de ces op\u00e9rations num\u00e9riques qui visent critiques et opposants, pourrait ainsi se retrouver dans la ligne de mire, transformant ces restrictions en une arme psychologique contre le clan au pouvoir. Cette incertitude calcul\u00e9e n&rsquo;est pas anodine : elle resserre l&rsquo;\u00e9tau sur le r\u00e9gime de Kagame, l&rsquo;exhortant \u00e0 un retrait imm\u00e9diat et inconditionnel des forces rwandaises de l&rsquo;Est de la RDC.<\/p>\n\n\n\n<p>Suivant de pr\u00e8s les sanctions militaires impos\u00e9es plus t\u00f4t dans la semaine contre l&rsquo;arm\u00e9e rwandaise et quatre commandants sup\u00e9rieurs dont le g\u00e9n\u00e9ral Mubarakh Muganga, chef d&rsquo;\u00e9tat-major, vis\u00e9 par des mesures ant\u00e9rieures, cette vague de visas gel\u00e9s vise \u00e0 isoler Kigali diplomatiquement.<\/p>\n\n\n\n<p>Kigali d\u00e9nonce ces mesures comme \u00ab\u00a0injustes\u00a0\u00bb, comme d&rsquo;habitude, insistant sur les menaces pos\u00e9es par les milices congolaises, mais les experts avertissent que sans un d\u00e9sengagement rapide, l&rsquo;isolement pourrait s&rsquo;aggraver, avec l&rsquo;ONU ou l&rsquo;Union Africaine embo\u00eetant le pas. En clair, ces restrictions de visas au Rwanda alimentent un suspense qui accentue la pression inexorable sur Kagame ; l&rsquo;avertissement est clair : retirez-vous de la RDC, ou affrontez un mur croissant d&rsquo;isolement international, touchant potentiellement jusqu&rsquo;aux cercles les plus intimes du pouvoir. La g\u00e9opolitique des Grands Lacs, d\u00e9j\u00e0 inflammable, pourrait bien embraser le petit pays \u00a0\u00bb agressif \u00a0\u00bb des milles collines, si ce bras de fer persiste.<\/p>\n","protected":false},"excerpt":{"rendered":"<p>L&rsquo;objectif est de contraindre Kigali de retirer ses troupes du territoire congolais Par LM Dans l&rsquo;ombre de cette escalade diplomatique am\u00e9ricaine, un voile de myst\u00e8re entoure les identit\u00e9s pr\u00e9cises des hauts responsables rwandais frapp\u00e9s par les restrictions de visas annonc\u00e9es le 6 mars 2026. Selon l&rsquo;annonce officielle du D\u00e9partement d&rsquo;\u00c9tat, sign\u00e9e par le Secr\u00e9taire Marco [&hellip;]<\/p>\n","protected":false},"author":1,"featured_media":76267,"comment_status":"closed","ping_status":"closed","sticky":false,"template":"","format":"standard","meta":{"footnotes":""},"categories":[136,27,135,134,130,5],"tags":[],"class_list":["post-76266","post","type-post","status-publish","format-standard","has-post-thumbnail","hentry","category-a-la-une","category-internationale","category-internationale-2","category-la-tempete-des-tropiques","category-nation","category-politique"],"_links":{"self":[{"href":"http:\/\/www.latempete.info\/index.php?rest_route=\/wp\/v2\/posts\/76266"}],"collection":[{"href":"http:\/\/www.latempete.info\/index.php?rest_route=\/wp\/v2\/posts"}],"about":[{"href":"http:\/\/www.latempete.info\/index.php?rest_route=\/wp\/v2\/types\/post"}],"author":[{"embeddable":true,"href":"http:\/\/www.latempete.info\/index.php?rest_route=\/wp\/v2\/users\/1"}],"replies":[{"embeddable":true,"href":"http:\/\/www.latempete.info\/index.php?rest_route=%2Fwp%2Fv2%2Fcomments&post=76266"}],"version-history":[{"count":1,"href":"http:\/\/www.latempete.info\/index.php?rest_route=\/wp\/v2\/posts\/76266\/revisions"}],"predecessor-version":[{"id":76268,"href":"http:\/\/www.latempete.info\/index.php?rest_route=\/wp\/v2\/posts\/76266\/revisions\/76268"}],"wp:featuredmedia":[{"embeddable":true,"href":"http:\/\/www.latempete.info\/index.php?rest_route=\/wp\/v2\/media\/76267"}],"wp:attachment":[{"href":"http:\/\/www.latempete.info\/index.php?rest_route=%2Fwp%2Fv2%2Fmedia&parent=76266"}],"wp:term":[{"taxonomy":"category","embeddable":true,"href":"http:\/\/www.latempete.info\/index.php?rest_route=%2Fwp%2Fv2%2Fcategories&post=76266"},{"taxonomy":"post_tag","embeddable":true,"href":"http:\/\/www.latempete.info\/index.php?rest_route=%2Fwp%2Fv2%2Ftags&post=76266"}],"curies":[{"name":"wp","href":"https:\/\/api.w.org\/{rel}","templated":true}]}}