{"id":76395,"date":"2026-03-13T10:49:54","date_gmt":"2026-03-13T10:49:54","guid":{"rendered":"https:\/\/www.latempete.info\/?p=76395"},"modified":"2026-03-13T10:50:23","modified_gmt":"2026-03-13T10:50:23","slug":"goma-lua-condamne-la-frappe-de-drone-contre-des-civils-et-appelle-a-une-enquete","status":"publish","type":"post","link":"http:\/\/www.latempete.info\/?p=76395","title":{"rendered":"Goma : L&rsquo;UA condamne la frappe de drone contre des civils et appelle \u00e0 une enqu\u00eate"},"content":{"rendered":"\n<p>Par LM<\/p>\n\n\n\n<p>L&rsquo;Union africaine a condamn\u00e9 une attaque de drone ayant vis\u00e9 des civils \u00e0 Goma, dans l&rsquo;Est de la R\u00e9publique D\u00e9mocratique du Congo, et a appel\u00e9 \u00e0 l&rsquo;ouverture d&rsquo;une enqu\u00eate impartiale afin d&rsquo;\u00e9tablir les circonstances exactes de l&rsquo;incident. Dans un communiqu\u00e9 publi\u00e9 hier jeudi 12 mars 2026 depuis Addis-Abeba, le pr\u00e9sident de la Commission de l&rsquo;Union africaine, Mahmoud Ali Youssouf, a exprim\u00e9 sa profonde pr\u00e9occupation apr\u00e8s des informations faisant \u00e9tat d&rsquo;une frappe de drone dans la ville de Goma, dans la province du Nord-Kivu.<\/p>\n\n\n\n<p>Selon ce communiqu\u00e9, l&rsquo;attaque a entra\u00een\u00e9 la mort de civils, dont un travailleur humanitaire, et caus\u00e9 d&rsquo;importants d\u00e9g\u00e2ts dans des zones r\u00e9sidentielles. Le responsable africain a fermement condamn\u00e9 toute attaque mettant en danger la vie des civils et du personnel humanitaire, rappelant que de tels actes constituent une violation du droit international humanitaire.<\/p>\n\n\n\n<p>L&rsquo;Union africaine appelle par ailleurs toutes les parties impliqu\u00e9es dans le conflit dans l&rsquo;Est de la RDC \u00e0 faire preuve de retenue, \u00e0 \u00e9viter toute action susceptible d&rsquo;aggraver les tensions et \u00e0 garantir la protection des populations civiles ainsi que des acteurs humanitaires pr\u00e9sents dans la r\u00e9gion. L&rsquo;organisation panafricaine souligne \u00e9galement l&rsquo;importance de respecter les efforts de m\u00e9diation en cours ainsi que les arrangements de cessez-le-feu visant \u00e0 r\u00e9tablir la paix et la stabilit\u00e9 dans l&rsquo;Est de la RDC. <\/p>\n\n\n\n<p>Elle insiste sur la n\u00e9cessit\u00e9 de clarifier les circonstances de cet incident \u00e0 travers une enqu\u00eate ind\u00e9pendante et impartiale. Enfin, l&rsquo;Union africaine r\u00e9affirme sa volont\u00e9 de travailler avec le gouvernement congolais, les partenaires r\u00e9gionaux et la communaut\u00e9 internationale afin de favoriser une solution politique durable, de r\u00e9duire les violences et de promouvoir une paix stable dans la r\u00e9gion.<\/p>\n","protected":false},"excerpt":{"rendered":"<p>Par LM L&rsquo;Union africaine a condamn\u00e9 une attaque de drone ayant vis\u00e9 des civils \u00e0 Goma, dans l&rsquo;Est de la R\u00e9publique D\u00e9mocratique du Congo, et a appel\u00e9 \u00e0 l&rsquo;ouverture d&rsquo;une enqu\u00eate impartiale afin d&rsquo;\u00e9tablir les circonstances exactes de l&rsquo;incident. Dans un communiqu\u00e9 publi\u00e9 hier jeudi 12 mars 2026 depuis Addis-Abeba, le pr\u00e9sident de la Commission [&hellip;]<\/p>\n","protected":false},"author":1,"featured_media":75058,"comment_status":"closed","ping_status":"closed","sticky":false,"template":"","format":"standard","meta":{"footnotes":""},"categories":[136,27,134,130,5,25,10],"tags":[],"class_list":["post-76395","post","type-post","status-publish","format-standard","has-post-thumbnail","hentry","category-a-la-une","category-internationale","category-la-tempete-des-tropiques","category-nation","category-politique","category-province","category-societe"],"_links":{"self":[{"href":"http:\/\/www.latempete.info\/index.php?rest_route=\/wp\/v2\/posts\/76395"}],"collection":[{"href":"http:\/\/www.latempete.info\/index.php?rest_route=\/wp\/v2\/posts"}],"about":[{"href":"http:\/\/www.latempete.info\/index.php?rest_route=\/wp\/v2\/types\/post"}],"author":[{"embeddable":true,"href":"http:\/\/www.latempete.info\/index.php?rest_route=\/wp\/v2\/users\/1"}],"replies":[{"embeddable":true,"href":"http:\/\/www.latempete.info\/index.php?rest_route=%2Fwp%2Fv2%2Fcomments&post=76395"}],"version-history":[{"count":1,"href":"http:\/\/www.latempete.info\/index.php?rest_route=\/wp\/v2\/posts\/76395\/revisions"}],"predecessor-version":[{"id":76396,"href":"http:\/\/www.latempete.info\/index.php?rest_route=\/wp\/v2\/posts\/76395\/revisions\/76396"}],"wp:featuredmedia":[{"embeddable":true,"href":"http:\/\/www.latempete.info\/index.php?rest_route=\/wp\/v2\/media\/75058"}],"wp:attachment":[{"href":"http:\/\/www.latempete.info\/index.php?rest_route=%2Fwp%2Fv2%2Fmedia&parent=76395"}],"wp:term":[{"taxonomy":"category","embeddable":true,"href":"http:\/\/www.latempete.info\/index.php?rest_route=%2Fwp%2Fv2%2Fcategories&post=76395"},{"taxonomy":"post_tag","embeddable":true,"href":"http:\/\/www.latempete.info\/index.php?rest_route=%2Fwp%2Fv2%2Ftags&post=76395"}],"curies":[{"name":"wp","href":"https:\/\/api.w.org\/{rel}","templated":true}]}}