{"id":76409,"date":"2026-03-13T14:47:53","date_gmt":"2026-03-13T14:47:53","guid":{"rendered":"https:\/\/www.latempete.info\/?p=76409"},"modified":"2026-03-13T14:48:11","modified_gmt":"2026-03-13T14:48:11","slug":"violations-des-droits-humains-a-goma-lanvc-sollicite-une-enquete","status":"publish","type":"post","link":"http:\/\/www.latempete.info\/?p=76409","title":{"rendered":"Violations des droits humains \u00e0 Goma : l&rsquo;ANVC sollicite une enqu\u00eate"},"content":{"rendered":"\n<p>Par Marcel Tshishiku<\/p>\n\n\n\n<p>Les autorit\u00e9s de la R\u00e9publique D\u00e9mocratique du Congo ont \u00e9t\u00e9 invit\u00e9es jeudi, par l&rsquo;Association nationale des victimes du Congo (ANVC), \u00e0 garantir la protection des \u00e9tudiants suite aux violations des droits humains commises \u00e0 Goma, capitale-martyre du Nord-Kivu, dans l&rsquo;Est du pays, selon un communiqu\u00e9 relay\u00e9 par l&rsquo;Agence Congolaise de Presse (ACP. \u00a0\u00bb L&rsquo;Association nationale des victimes du Congo (ANVC) condamne fermement les graves violations des droits humains commises r\u00e9cemment dans la ville de Goma, au Nord-Kivu. Voil\u00e0 pourquoi nous invitons les autorit\u00e9s nationales \u00e0 garantir la protection des civils et des \u00e9tudiants \u00ab\u00a0, a d\u00e9clar\u00e9 Espoir Sadiki, coordonnateur de ladite association, cit\u00e9 dans le communiqu\u00e9).<\/p>\n\n\n\n<p>Selon la source, les Nations Unies et les partenaires internationaux sont appel\u00e9s \u00e0 renforcer les m\u00e9canismes de protection des populations civiles et les m\u00e9canismes internationaux de justice, et \u00e0 enqu\u00eater sur ces violations afin de lutter contre l&rsquo;impunit\u00e9. \u00c0 en croire le communiqu\u00e9, la protection des civils est une obligation juridique internationale, de sorte que l&rsquo;inaction face \u00e0 ces crimes risque d&rsquo;aggraver la crise humanitaire et s\u00e9curitaire dans l&rsquo;Est de la RDC.<\/p>\n\n\n\n<p>\u00a0\u00bb Selon plusieurs informations cr\u00e9dibles, un bombardement par drone, accompagn\u00e9 de tirs d&rsquo;armes l\u00e9g\u00e8res et lourdes attribu\u00e9s aux rebelles du M23\/AFC soutenus par des \u00e9l\u00e9ments RDF, a caus\u00e9 la mort d&rsquo;un membre du personnel de l&rsquo;Unicef ainsi que de deux civils innocents. Ces attaques constituent des violations graves du droit international humanitaire, notamment des principes de protection des civils \u00ab\u00a0, a-t-on lu dans le communiqu\u00e9.<\/p>\n\n\n\n<p>L&rsquo;ANVC a d\u00e9nonc\u00e9 \u00e9galement l&rsquo;arrestation d&rsquo;environ 260 \u00e9tudiants de l&rsquo;Universit\u00e9 adventiste de Goma (UAGO), ainsi que les tentatives de manipulation et d&rsquo;instrumentalisation de civils traumatis\u00e9s dans un contexte de tensions s\u00e9curitaires.<\/p>\n\n\n\n<p>L&rsquo;ANVC est une structure cr\u00e9\u00e9e en 2018 et consacr\u00e9e \u00e0 la d\u00e9fense des droits de l&rsquo;homme, \u00e0 la lutte contre l&rsquo;impunit\u00e9, et au soutien\/indemnisation des victimes de violations des droits humains et de guerre.<\/p>\n","protected":false},"excerpt":{"rendered":"<p>Par Marcel Tshishiku Les autorit\u00e9s de la R\u00e9publique D\u00e9mocratique du Congo ont \u00e9t\u00e9 invit\u00e9es jeudi, par l&rsquo;Association nationale des victimes du Congo (ANVC), \u00e0 garantir la protection des \u00e9tudiants suite aux violations des droits humains commises \u00e0 Goma, capitale-martyre du Nord-Kivu, dans l&rsquo;Est du pays, selon un communiqu\u00e9 relay\u00e9 par l&rsquo;Agence Congolaise de Presse (ACP. [&hellip;]<\/p>\n","protected":false},"author":1,"featured_media":0,"comment_status":"closed","ping_status":"closed","sticky":false,"template":"","format":"standard","meta":{"footnotes":""},"categories":[134,25,10],"tags":[],"class_list":["post-76409","post","type-post","status-publish","format-standard","hentry","category-la-tempete-des-tropiques","category-province","category-societe"],"_links":{"self":[{"href":"http:\/\/www.latempete.info\/index.php?rest_route=\/wp\/v2\/posts\/76409"}],"collection":[{"href":"http:\/\/www.latempete.info\/index.php?rest_route=\/wp\/v2\/posts"}],"about":[{"href":"http:\/\/www.latempete.info\/index.php?rest_route=\/wp\/v2\/types\/post"}],"author":[{"embeddable":true,"href":"http:\/\/www.latempete.info\/index.php?rest_route=\/wp\/v2\/users\/1"}],"replies":[{"embeddable":true,"href":"http:\/\/www.latempete.info\/index.php?rest_route=%2Fwp%2Fv2%2Fcomments&post=76409"}],"version-history":[{"count":1,"href":"http:\/\/www.latempete.info\/index.php?rest_route=\/wp\/v2\/posts\/76409\/revisions"}],"predecessor-version":[{"id":76410,"href":"http:\/\/www.latempete.info\/index.php?rest_route=\/wp\/v2\/posts\/76409\/revisions\/76410"}],"wp:attachment":[{"href":"http:\/\/www.latempete.info\/index.php?rest_route=%2Fwp%2Fv2%2Fmedia&parent=76409"}],"wp:term":[{"taxonomy":"category","embeddable":true,"href":"http:\/\/www.latempete.info\/index.php?rest_route=%2Fwp%2Fv2%2Fcategories&post=76409"},{"taxonomy":"post_tag","embeddable":true,"href":"http:\/\/www.latempete.info\/index.php?rest_route=%2Fwp%2Fv2%2Ftags&post=76409"}],"curies":[{"name":"wp","href":"https:\/\/api.w.org\/{rel}","templated":true}]}}