{"id":76426,"date":"2026-03-13T11:14:10","date_gmt":"2026-03-13T11:14:10","guid":{"rendered":"https:\/\/www.latempete.info\/?p=76426"},"modified":"2026-03-14T11:41:22","modified_gmt":"2026-03-14T11:41:22","slug":"bruxelles-la-diaspora-congolaise-en-sit-in-pour-denoncer-la-guerre-dans-lest-de-la-rdc","status":"publish","type":"post","link":"http:\/\/www.latempete.info\/?p=76426","title":{"rendered":"Bruxelles : La diaspora congolaise en sit-in pour d\u00e9noncer la guerre dans l&rsquo;Est de la RDC"},"content":{"rendered":"\n<p>Par LM<\/p>\n\n\n\n<p>La diaspora congolaise se mobilise une nouvelle fois pour alerter sur la trag\u00e9die humanitaire qui frappe l&rsquo;Est de la R\u00e9publique D\u00e9mocratique du Congo. \u00c0 l&rsquo;initiative du Front Uni pour la RD Congo, un sit-in est pr\u00e9vu demain samedi 14 mars Place de Brouck\u00e8re, au c\u0153ur de Bruxelles.<\/p>\n\n\n\n<p>Pendant plusieurs heures, des Congolais vivant en Europe entendent d\u00e9noncer la persistance des violences arm\u00e9es et sensibiliser la communaut\u00e9 internationale aux souffrances des populations civiles, notamment des femmes et des enfants.<\/p>\n\n\n\n<p>Un mur d&rsquo;images retra\u00e7ant les r\u00e9alit\u00e9s de la guerre sera \u00e9galement install\u00e9 afin de t\u00e9moigner de l&rsquo;ampleur du drame et rendre hommage aux victimes du conflit. La mobilisation de la diaspora congolaise se poursuit en Europe face \u00e0 la situation s\u00e9curitaire persistante dans l&rsquo;Est de la R\u00e9publique D\u00e9mocratique du Congo.<\/p>\n\n\n\n<p>Le rassemblement doit se tenir \u00e0 la Place de Brouck\u00e8re, l&rsquo;une des places les plus fr\u00e9quent\u00e9es du centre de la capitale belge. Les organisateurs ont pr\u00e9vu que l&rsquo;\u00e9v\u00e9nement se d\u00e9roule entre 13 heures et 16 heures 30, afin de permettre aux participants de faire entendre leur message au c\u0153ur d&rsquo;une ville qui abrite de nombreuses institutions europ\u00e9ennes et internationales.<\/p>\n\n\n\n<p>Pour les initiateurs de cette mobilisation, il s&rsquo;agit avant tout d&rsquo;attirer l&rsquo;attention de l&rsquo;opinion publique et des d\u00e9cideurs internationaux sur la situation dramatique que vivent les populations civiles dans l&rsquo;Est de la RDC. Depuis plusieurs ann\u00e9es, cette r\u00e9gion est le th\u00e9\u00e2tre de violences arm\u00e9es r\u00e9p\u00e9t\u00e9es impliquant diff\u00e9rents groupes arm\u00e9s, provoquant des d\u00e9placements massifs de populations, des pertes humaines et de graves violations des droits humains.<\/p>\n\n\n\n<p>\u00c0 travers ce sit-in, les Congolais de la diaspora souhaitent exprimer leur solidarit\u00e9 avec les victimes du conflit et appeler la communaut\u00e9 internationale \u00e0 renforcer son engagement pour mettre fin aux violences. Les organisateurs expliquent que l&rsquo;un des objectifs principaux de cette initiative est de dire \u00a0\u00bb stop \u00a0\u00bb \u00e0 la guerre dans l&rsquo;Est de la RDC et de sensibiliser davantage l&rsquo;opinion internationale aux cons\u00e9quences humaines du conflit.<\/p>\n\n\n\n<p>La mobilisation entend \u00e9galement mettre en lumi\u00e8re la situation particuli\u00e8rement difficile des femmes et des enfants, souvent les premi\u00e8res victimes des violences. Afin de mat\u00e9rialiser cette r\u00e9alit\u00e9, les organisateurs ont pr\u00e9vu l&rsquo;installation d&rsquo;un \u00a0\u00bb mur d&rsquo;images \u00a0\u00bb pr\u00e9sentant des photographies et des t\u00e9moignages illustrant les souffrances endur\u00e9es par les populations dans les zones touch\u00e9es par les affrontements.<\/p>\n\n\n\n<p>Ce dispositif visuel vise \u00e0 rappeler, au-del\u00e0 des chiffres et des d\u00e9clarations politiques, la dimension humaine de la crise qui frappe l&rsquo;Est de la RDC. Les organisateurs souhaitent \u00e9galement que cette initiative serve d&rsquo;hommage aux nombreuses femmes victimes des violences li\u00e9es au conflit.<\/p>\n\n\n\n<p>Dans un message diffus\u00e9 \u00e0 l&rsquo;occasion de cette mobilisation, ils soulignent la port\u00e9e universelle de cette trag\u00e9die humaine. \u00a0\u00bb Quand une femme est bris\u00e9e par la guerre, c&rsquo;est toute l&rsquo;humanit\u00e9 qui est bless\u00e9e \u00ab\u00a0, affirment-ils. Au-del\u00e0 de la dimension symbolique, les participants esp\u00e8rent que cette mobilisation contribuera \u00e0 amplifier les appels \u00e0 la paix et \u00e0 encourager une action plus d\u00e9termin\u00e9e de la communaut\u00e9 internationale. La ville de Bruxelles, qui accueille de nombreuses institutions europ\u00e9ennes, constitue pour les organisateurs un lieu strat\u00e9gique pour porter ce message.<\/p>\n","protected":false},"excerpt":{"rendered":"<p>Par LM La diaspora congolaise se mobilise une nouvelle fois pour alerter sur la trag\u00e9die humanitaire qui frappe l&rsquo;Est de la R\u00e9publique D\u00e9mocratique du Congo. \u00c0 l&rsquo;initiative du Front Uni pour la RD Congo, un sit-in est pr\u00e9vu demain samedi 14 mars Place de Brouck\u00e8re, au c\u0153ur de Bruxelles. Pendant plusieurs heures, des Congolais vivant [&hellip;]<\/p>\n","protected":false},"author":1,"featured_media":0,"comment_status":"closed","ping_status":"closed","sticky":false,"template":"","format":"standard","meta":{"footnotes":""},"categories":[136,134,130,5],"tags":[],"class_list":["post-76426","post","type-post","status-publish","format-standard","hentry","category-a-la-une","category-la-tempete-des-tropiques","category-nation","category-politique"],"_links":{"self":[{"href":"http:\/\/www.latempete.info\/index.php?rest_route=\/wp\/v2\/posts\/76426"}],"collection":[{"href":"http:\/\/www.latempete.info\/index.php?rest_route=\/wp\/v2\/posts"}],"about":[{"href":"http:\/\/www.latempete.info\/index.php?rest_route=\/wp\/v2\/types\/post"}],"author":[{"embeddable":true,"href":"http:\/\/www.latempete.info\/index.php?rest_route=\/wp\/v2\/users\/1"}],"replies":[{"embeddable":true,"href":"http:\/\/www.latempete.info\/index.php?rest_route=%2Fwp%2Fv2%2Fcomments&post=76426"}],"version-history":[{"count":1,"href":"http:\/\/www.latempete.info\/index.php?rest_route=\/wp\/v2\/posts\/76426\/revisions"}],"predecessor-version":[{"id":76427,"href":"http:\/\/www.latempete.info\/index.php?rest_route=\/wp\/v2\/posts\/76426\/revisions\/76427"}],"wp:attachment":[{"href":"http:\/\/www.latempete.info\/index.php?rest_route=%2Fwp%2Fv2%2Fmedia&parent=76426"}],"wp:term":[{"taxonomy":"category","embeddable":true,"href":"http:\/\/www.latempete.info\/index.php?rest_route=%2Fwp%2Fv2%2Fcategories&post=76426"},{"taxonomy":"post_tag","embeddable":true,"href":"http:\/\/www.latempete.info\/index.php?rest_route=%2Fwp%2Fv2%2Ftags&post=76426"}],"curies":[{"name":"wp","href":"https:\/\/api.w.org\/{rel}","templated":true}]}}