{"id":76627,"date":"2026-03-23T15:19:40","date_gmt":"2026-03-23T15:19:40","guid":{"rendered":"https:\/\/www.latempete.info\/?p=76627"},"modified":"2026-03-23T15:20:09","modified_gmt":"2026-03-23T15:20:09","slug":"les-forets-moteurs-de-la-prosperite-economique","status":"publish","type":"post","link":"http:\/\/www.latempete.info\/?p=76627","title":{"rendered":"Les for\u00eats, moteurs de la prosp\u00e9rit\u00e9 \u00e9conomique"},"content":{"rendered":"\n<p>Par N. T.<\/p>\n\n\n\n<p>La Journ\u00e9e internationale des for\u00eats a eu lieu le samedi 21 mars 2026, sous le th\u00e8me\u00a0: \u00abLes for\u00eats et les \u00e9conomies\u00bb, afin de c\u00e9l\u00e9brer le r\u00f4le vital des for\u00eats en tant que moteurs de la prosp\u00e9rit\u00e9 \u00e9conomique. Ce r\u00f4le va bien au-del\u00e0 des revenus et des emplois cr\u00e9\u00e9s par la production foresti\u00e8re et le commerce des mati\u00e8res premi\u00e8res renouvelables et des aliments: les for\u00eats contribuent \u00e9galement \u00e0 soutenir l\u2019agriculture familiale et locale, \u00e0 am\u00e9liorer la productivit\u00e9 agricole et \u00e0 pr\u00e9server la sant\u00e9 des bassins hydrographiques. <\/p>\n\n\n\n<p>Alors que de nombreux pays souhaitent effectuer une transition vers une bio\u00e9conomie durable, les produits forestiers offrent des solutions fond\u00e9es sur la nature pouvant remplacer les mat\u00e9riaux \u00e0 forte intensit\u00e9 de carbone tout en cr\u00e9ant de nouveaux d\u00e9bouch\u00e9s \u00e9conomiques.<\/p>\n\n\n\n<p>Les for\u00eats sont essentielles \u00e0 la bonne sant\u00e9 des \u00e9conomies \u2013 non seulement aujourd\u2019hui, mais aussi pour les g\u00e9n\u00e9rations futures.\/ Cette Journ\u00e9e est c\u00e9l\u00e9br\u00e9e afin de sensibiliser et de promouvoir la gestion durable, la conservation et le d\u00e9veloppement durable de toutes les for\u00eats et de tous les arbres pour les g\u00e9n\u00e9rations pr\u00e9sentes et futures.<\/p>\n\n\n\n<p>Cinq raisons pour lesquelles les for\u00eats sont tr\u00e8s importantes<\/p>\n\n\n\n<p>Les Nations Unies donnent 5 raisons pour lesquelles les for\u00eats sont tr\u00e8s importantes. La premi\u00e8re est que les for\u00eats nourrissent le monde. Elles fournissent une vari\u00e9t\u00e9 de ressources comestibles, allant des fruits, des noix et des graines au gibier et aux champignons. Plus de cinq milliards de personnes d\u00e9pendent des for\u00eats et des produits non ligneux pour leur alimentation, leurs m\u00e9dicaments et leurs revenus.<\/p>\n\n\n\n<p>La deuxi\u00e8me est que les for\u00eats sont une cl\u00e9 pour atteindre l\u2019objectif Faim Z\u00e9ro. En h\u00e9bergeant et en prot\u00e9geant les pollinisateurs, en am\u00e9liorant la fertilit\u00e9 des sols et en r\u00e9gulant les cycles de l\u2019eau, les for\u00eats am\u00e9liorent la productivit\u00e9 agricole. L\u2019agroforesterie, une m\u00e9thode agricole int\u00e9grant arbres et cultures, peut renforcer la s\u00e9curit\u00e9 alimentaire tout en pr\u00e9servant les \u00e9cosyst\u00e8mes.<\/p>\n\n\n\n<p>La troisi\u00e8me est que la conservation foresti\u00e8re favorise l\u2019action climatique. Les for\u00eats agissent comme des puits de carbone, absorbant des milliards de tonnes de CO\u201a chaque ann\u00e9e. La gestion durable des for\u00eats contribue \u00e0 att\u00e9nuer le changement climatique et \u00e0 prot\u00e9ger les syst\u00e8mes alimentaires des catastrophes li\u00e9es au climat, comme les s\u00e9cheresses et les inondations.<\/p>\n\n\n\n<p>La quatri\u00e8me est que les for\u00eats prot\u00e8gent la biodiversit\u00e9 et les \u00e9cosyst\u00e8mes terrestres. Les for\u00eats abritent 80 % des esp\u00e8ces terrestres et prot\u00e8gent des \u00e9cosyst\u00e8mes qui soutiennent des syst\u00e8mes alimentaires sains et r\u00e9silients. La protection des for\u00eats est essentielle pour pr\u00e9server la biodiversit\u00e9, pr\u00e9venir la d\u00e9gradation des terres et garantir les sources de nourriture.<\/p>\n\n\n\n<p>Enfin, la cinqui\u00e8me est que les for\u00eats soutiennent les moyens de subsistance et les \u00e9conomies locales. Des millions de personnes, en particulier les peuples autochtones et les communaut\u00e9s rurales, d\u00e9pendent des for\u00eats pour leur emploi et leurs revenus. Le renforcement des cha\u00eenes de valeur foresti\u00e8res durables, comme celles des produits forestiers non ligneux, am\u00e9liore la r\u00e9silience \u00e9conomique.<\/p>\n\n\n\n<p>R\u00f4le crucial des bassins forestiers de l\u2019Amazonie, du Congo et de Born\u00e9o-M\u00e9kong pour la survie de la plan\u00e8te<\/p>\n\n\n\n<p>Les trois principaux bassins forestiers tropicaux \u2014 l\u2019Amazonie, le Bassin du Congo et le Born\u00e9o-M\u00e9kong \u2014 sont cruciaux pour la survie de la plan\u00e8te. Ils couvrent 80 % des for\u00eats tropicales, abritent les deux tiers de la biodiversit\u00e9 terrestre et agissent comme des puits de carbone essentiels pour r\u00e9guler le climat mondial.<\/p>\n\n\n\n<p>Le Bassin Amazonien (Am\u00e9rique du Sud) dont la plus grande partie se trouve au Br\u00e9sil est la plus grande for\u00eat tropicale au monde. Elle est un r\u00e9gulateur climatique majeur. L\u2019Amazonie abrite une biodiversit\u00e9 in\u00e9gal\u00e9e et influence les cycles de l\u2019eau \u00e0 l\u2019\u00e9chelle plan\u00e9taire, bien que menac\u00e9e par la d\u00e9forestation.<\/p>\n\n\n\n<p>Le Bassin du Congo (Afrique centrale) dont 60 ! se trouvent en R\u00e9publique D\u00e9mocratique du Congo est surnomm\u00e9 le \u00abdeuxi\u00e8me poumon de la plan\u00e8te\u00bb. Il est le plus grand puits de carbone actif au monde. Ill absorbe plus de 100 millions de tonnes de carbone par an, stabilisant le climat mondial, et offre un habitat au gorille \u00e0 dos argent\u00e9 et \u00e0 une biodiversit\u00e9 unique.<\/p>\n\n\n\n<p>Le Bassin de Born\u00e9o-M\u00e9kong (Asie du Sud-Est) dont la plus grande partie se trouve en Indon\u00e9sie est une r\u00e9gion cruciale pour la biodiversit\u00e9, particuli\u00e8rement pour ses for\u00eats mar\u00e9cageuses tourbeuses. Ces for\u00eats jouent un r\u00f4le cl\u00e9 dans la s\u00e9questration du carbone et soutiennent des \u00e9cosyst\u00e8mes fragiles, essentiels pour la r\u00e9gion et le climat mondial.<\/p>\n","protected":false},"excerpt":{"rendered":"<p>Par N. T. La Journ\u00e9e internationale des for\u00eats a eu lieu le samedi 21 mars 2026, sous le th\u00e8me\u00a0: \u00abLes for\u00eats et les \u00e9conomies\u00bb, afin de c\u00e9l\u00e9brer le r\u00f4le vital des for\u00eats en tant que moteurs de la prosp\u00e9rit\u00e9 \u00e9conomique. Ce r\u00f4le va bien au-del\u00e0 des revenus et des emplois cr\u00e9\u00e9s par la production foresti\u00e8re [&hellip;]<\/p>\n","protected":false},"author":1,"featured_media":0,"comment_status":"closed","ping_status":"closed","sticky":false,"template":"","format":"standard","meta":{"footnotes":""},"categories":[37,134,10],"tags":[],"class_list":["post-76627","post","type-post","status-publish","format-standard","hentry","category-environnement","category-la-tempete-des-tropiques","category-societe"],"_links":{"self":[{"href":"http:\/\/www.latempete.info\/index.php?rest_route=\/wp\/v2\/posts\/76627"}],"collection":[{"href":"http:\/\/www.latempete.info\/index.php?rest_route=\/wp\/v2\/posts"}],"about":[{"href":"http:\/\/www.latempete.info\/index.php?rest_route=\/wp\/v2\/types\/post"}],"author":[{"embeddable":true,"href":"http:\/\/www.latempete.info\/index.php?rest_route=\/wp\/v2\/users\/1"}],"replies":[{"embeddable":true,"href":"http:\/\/www.latempete.info\/index.php?rest_route=%2Fwp%2Fv2%2Fcomments&post=76627"}],"version-history":[{"count":1,"href":"http:\/\/www.latempete.info\/index.php?rest_route=\/wp\/v2\/posts\/76627\/revisions"}],"predecessor-version":[{"id":76628,"href":"http:\/\/www.latempete.info\/index.php?rest_route=\/wp\/v2\/posts\/76627\/revisions\/76628"}],"wp:attachment":[{"href":"http:\/\/www.latempete.info\/index.php?rest_route=%2Fwp%2Fv2%2Fmedia&parent=76627"}],"wp:term":[{"taxonomy":"category","embeddable":true,"href":"http:\/\/www.latempete.info\/index.php?rest_route=%2Fwp%2Fv2%2Fcategories&post=76627"},{"taxonomy":"post_tag","embeddable":true,"href":"http:\/\/www.latempete.info\/index.php?rest_route=%2Fwp%2Fv2%2Ftags&post=76627"}],"curies":[{"name":"wp","href":"https:\/\/api.w.org\/{rel}","templated":true}]}}