{"id":76942,"date":"2026-04-08T12:01:34","date_gmt":"2026-04-08T12:01:34","guid":{"rendered":"https:\/\/www.latempete.info\/?p=76942"},"modified":"2026-04-08T12:01:47","modified_gmt":"2026-04-08T12:01:47","slug":"processus-de-doha-la-mediation-americano-qatarie-delocalisee-en-suisse","status":"publish","type":"post","link":"http:\/\/www.latempete.info\/?p=76942","title":{"rendered":"Processus de Doha : La m\u00e9diation am\u00e9ricano-qatarie d\u00e9localis\u00e9e en Suisse"},"content":{"rendered":"\n<p>Par Armando Mananasi<\/p>\n\n\n\n<p>Face \u00e0 un enlisement critique du processus de paix, les \u00c9tats-Unis et le Qatar d\u00e9ploient une offensive diplomatique de la derni\u00e8re chance. Une nouvelle session de n\u00e9gociations entre le Gouvernement congolais et le mouvement rebelle du Mouvement du 23 Mars (M23) est d\u00e9sormais programm\u00e9e pour la mi-avril 2026 sur le sol suisse. Ce transfert strat\u00e9gique depuis Doha s&rsquo;impose alors que l&rsquo;instabilit\u00e9 croissante dans la r\u00e9gion du Golfe paralyse les circuits de discussion initiaux, for\u00e7ant les m\u00e9diateurs \u00e0 chercher un terrain neutre et s\u00e9curis\u00e9 pour relancer le dialogue.<\/p>\n\n\n\n<p>L&rsquo;annonce de cette d\u00e9localisation intervient dans un climat de blocage profond, le cadre de paix sign\u00e9 le 15 novembre 2025 \u00e0 Doha n&rsquo;ayant produit que des r\u00e9sultats marginaux. La ministre d&rsquo;\u00c9tat congolaise des Affaires \u00e9trang\u00e8res, Th\u00e9r\u00e8se Kayikwamba Wagner, a r\u00e9cemment soulign\u00e9 que la d\u00e9t\u00e9rioration impr\u00e9vue de la situation s\u00e9curitaire dans la sous-r\u00e9gion du Golfe a gel\u00e9 les avanc\u00e9es diplomatiques, rendant le processus de Doha otage de tensions internationales qui d\u00e9passent largement les fronti\u00e8res de la R\u00e9publique D\u00e9mocratique du Congo.<\/p>\n\n\n\n<p>L&rsquo;\u00e9chec du cessez-le-feu<\/p>\n\n\n\n<p>Sur le terrain, la r\u00e9alit\u00e9 d\u00e9ment les espoirs de paix formul\u00e9s fin 2025. Sur les huit protocoles initiaux, seules deux avanc\u00e9es techniques concernant l&rsquo;\u00e9change de prisonniers et la surveillance du cessez-le-feu ont \u00e9t\u00e9 enregistr\u00e9es. La tr\u00eave a vol\u00e9 en \u00e9clats d\u00e8s le 1er d\u00e9cembre 2025 lorsque le M23 a lanc\u00e9 une offensive vers le sud-ouest, aboutissant \u00e0 la prise strat\u00e9gique de la ville d&rsquo;Uvira le 10 d\u00e9cembre. Ce revers militaire a provoqu\u00e9 la rupture imm\u00e9diate des m\u00e9canismes de coordination s\u00e9curitaire entre Kinshasa et Kigali, plongeant les relations bilat\u00e9rales dans un silence radio total depuis plus de cinq mois.<\/p>\n\n\n\n<p>Le foss\u00e9 entre les parties s&rsquo;est creus\u00e9 par la multiplication des offensives lanc\u00e9es par des rebelles soutenus par le Rwanda augmentant ainsi consid\u00e9rablement la zone sous leur contr\u00f4le. En d\u00e9pit des accusations de multiples crimes dont des tueries de masses des populations locales et des creuseurs artisanaux, l&rsquo;Alliance Fleuve Congo\/Mouvement du 23 Mars (AFC\/M23) se pointe sur la table des n\u00e9gociations avec des exigences radicales. Le mouvement rebelle r\u00e9clame d\u00e9sormais une r\u00e9vision profonde de la Constitution pour instaurer un syst\u00e8me f\u00e9d\u00e9ral garantissant une d\u00e9centralisation accrue vers les provinces du Kivu, tout en exigeant la d\u00e9mission du gouvernement Tshisekedi. Pour Kinshasa, ces demandes constituent une ligne rouge infranchissable, per\u00e7ue comme une atteinte directe \u00e0 la souverainet\u00e9 nationale et \u00e0 l&rsquo;ordre institutionnel \u00e9tabli.<\/p>\n\n\n\n<p>L&rsquo;ultime recours<\/p>\n\n\n\n<p>Dans ce contexte explosif, les \u00c9tats-Unis ont durci le ton pour tenter de forcer une d\u00e9sescalade. Suite \u00e0 des r\u00e9unions trilat\u00e9rales organis\u00e9es \u00e0 Washington en mars 2026, l&rsquo;administration am\u00e9ricaine a pris une mesure qualifi\u00e9e d&rsquo;exceptionnelle en sanctionnant non seulement quatre officiers sup\u00e9rieurs rwandais, mais aussi l&rsquo;institution militaire rwandaise dans son ensemble. Ces sanctions visent \u00e0 d\u00e9manteler les soutiens ext\u00e9rieurs du M23 alors que le groupe arm\u00e9 refuse de se retirer des zones conquises.<\/p>\n\n\n\n<p>\u00c0 l&rsquo;approche du rendez-vous helv\u00e9tique de mi-avril, le scepticisme reste de mise parmi les observateurs internationaux. L&rsquo;absence totale de r\u00e9unions de suivi depuis pr\u00e8s d&rsquo;un semestre et l&rsquo;intransigeance territoriale du M23 limitent les marges de man\u0153uvre des diplomates qataris et am\u00e9ricains. Les pourparlers de Gen\u00e8ve apparaissent donc comme l&rsquo;ultime recours pour \u00e9viter un embrasement r\u00e9gional g\u00e9n\u00e9ralis\u00e9, alors que les questions fondamentales li\u00e9es au retour des r\u00e9fugi\u00e9s et \u00e0 la justice pour les crimes commis demeurent totalement occult\u00e9es par les bruits de bottes.<\/p>\n","protected":false},"excerpt":{"rendered":"<p>Par Armando Mananasi Face \u00e0 un enlisement critique du processus de paix, les \u00c9tats-Unis et le Qatar d\u00e9ploient une offensive diplomatique de la derni\u00e8re chance. Une nouvelle session de n\u00e9gociations entre le Gouvernement congolais et le mouvement rebelle du Mouvement du 23 Mars (M23) est d\u00e9sormais programm\u00e9e pour la mi-avril 2026 sur le sol suisse. [&hellip;]<\/p>\n","protected":false},"author":1,"featured_media":76943,"comment_status":"closed","ping_status":"closed","sticky":false,"template":"","format":"standard","meta":{"footnotes":""},"categories":[136,134,130,5],"tags":[],"class_list":["post-76942","post","type-post","status-publish","format-standard","has-post-thumbnail","hentry","category-a-la-une","category-la-tempete-des-tropiques","category-nation","category-politique"],"_links":{"self":[{"href":"http:\/\/www.latempete.info\/index.php?rest_route=\/wp\/v2\/posts\/76942"}],"collection":[{"href":"http:\/\/www.latempete.info\/index.php?rest_route=\/wp\/v2\/posts"}],"about":[{"href":"http:\/\/www.latempete.info\/index.php?rest_route=\/wp\/v2\/types\/post"}],"author":[{"embeddable":true,"href":"http:\/\/www.latempete.info\/index.php?rest_route=\/wp\/v2\/users\/1"}],"replies":[{"embeddable":true,"href":"http:\/\/www.latempete.info\/index.php?rest_route=%2Fwp%2Fv2%2Fcomments&post=76942"}],"version-history":[{"count":1,"href":"http:\/\/www.latempete.info\/index.php?rest_route=\/wp\/v2\/posts\/76942\/revisions"}],"predecessor-version":[{"id":76944,"href":"http:\/\/www.latempete.info\/index.php?rest_route=\/wp\/v2\/posts\/76942\/revisions\/76944"}],"wp:featuredmedia":[{"embeddable":true,"href":"http:\/\/www.latempete.info\/index.php?rest_route=\/wp\/v2\/media\/76943"}],"wp:attachment":[{"href":"http:\/\/www.latempete.info\/index.php?rest_route=%2Fwp%2Fv2%2Fmedia&parent=76942"}],"wp:term":[{"taxonomy":"category","embeddable":true,"href":"http:\/\/www.latempete.info\/index.php?rest_route=%2Fwp%2Fv2%2Fcategories&post=76942"},{"taxonomy":"post_tag","embeddable":true,"href":"http:\/\/www.latempete.info\/index.php?rest_route=%2Fwp%2Fv2%2Ftags&post=76942"}],"curies":[{"name":"wp","href":"https:\/\/api.w.org\/{rel}","templated":true}]}}