{"id":76961,"date":"2026-04-08T12:29:59","date_gmt":"2026-04-08T12:29:59","guid":{"rendered":"https:\/\/www.latempete.info\/?p=76961"},"modified":"2026-04-08T12:30:08","modified_gmt":"2026-04-08T12:30:08","slug":"lassemblee-nationale-envisage-une-revision-de-la-loi-sur-lordre-national-du-leopard","status":"publish","type":"post","link":"http:\/\/www.latempete.info\/?p=76961","title":{"rendered":"L&rsquo;Assembl\u00e9e nationale envisage une r\u00e9vision de la loi sur l&rsquo;Ordre national du L\u00e9opard"},"content":{"rendered":"\n<p>Par LM<\/p>\n\n\n\n<p>Les D\u00e9put\u00e9s nationaux ont franchi une nouvelle \u00e9tape dans la r\u00e9forme des distinctions honorifiques en R\u00e9publique D\u00e9mocratique du Congo. R\u00e9unis en pl\u00e9ni\u00e8re hier mardi 7 Avril, les Elus ont proc\u00e9d\u00e9 au r\u00e9examen de la loi portant statut de l&rsquo;Ordre national du L\u00e9opard , dans le but d&rsquo;y apporter des modifications adapt\u00e9es au contexte actuel du pays.<br>Ce travail a \u00e9t\u00e9 confi\u00e9 \u00e0 la Commission culturelle et sociale, qui a pass\u00e9 en revue les dispositions existantes afin de les aligner avec les r\u00e9alit\u00e9s culturelles et sociales congolaises. L&rsquo;objectif est de moderniser ce texte et de garantir qu&rsquo;il refl\u00e8te davantage les valeurs, les m\u00e9rites et les symboles propres \u00e0 la Nation. Au c\u0153ur des discussions, plusieurs ajustements sont envisag\u00e9s pour rendre cette distinction plus repr\u00e9sentative et en phase avec les \u00e9volutions de la soci\u00e9t\u00e9 congolaise.<\/p>\n\n\n\n<p>Les parlementaires entendent ainsi renforcer la port\u00e9e symbolique de l&rsquo;Ordre national du L\u00e9opard, consid\u00e9r\u00e9 comme l&rsquo;une des plus hautes distinctions honorifiques du pays. Cette initiative s&rsquo;inscrit dans une dynamique plus large de r\u00e9forme des textes l\u00e9gislatifs, visant \u00e0 adapter le cadre juridique aux exigences actuelles et \u00e0 valoriser l&rsquo;identit\u00e9 culturelle nationale. La suite du processus devrait conduire \u00e0 l&rsquo;examen des propositions d&rsquo;amendements avant leur adoption d\u00e9finitive en pl\u00e9ni\u00e8re.<\/p>\n","protected":false},"excerpt":{"rendered":"<p>Par LM Les D\u00e9put\u00e9s nationaux ont franchi une nouvelle \u00e9tape dans la r\u00e9forme des distinctions honorifiques en R\u00e9publique D\u00e9mocratique du Congo. R\u00e9unis en pl\u00e9ni\u00e8re hier mardi 7 Avril, les Elus ont proc\u00e9d\u00e9 au r\u00e9examen de la loi portant statut de l&rsquo;Ordre national du L\u00e9opard , dans le but d&rsquo;y apporter des modifications adapt\u00e9es au contexte [&hellip;]<\/p>\n","protected":false},"author":1,"featured_media":0,"comment_status":"closed","ping_status":"closed","sticky":false,"template":"","format":"standard","meta":{"footnotes":""},"categories":[136,134,130,5],"tags":[],"class_list":["post-76961","post","type-post","status-publish","format-standard","hentry","category-a-la-une","category-la-tempete-des-tropiques","category-nation","category-politique"],"_links":{"self":[{"href":"http:\/\/www.latempete.info\/index.php?rest_route=\/wp\/v2\/posts\/76961"}],"collection":[{"href":"http:\/\/www.latempete.info\/index.php?rest_route=\/wp\/v2\/posts"}],"about":[{"href":"http:\/\/www.latempete.info\/index.php?rest_route=\/wp\/v2\/types\/post"}],"author":[{"embeddable":true,"href":"http:\/\/www.latempete.info\/index.php?rest_route=\/wp\/v2\/users\/1"}],"replies":[{"embeddable":true,"href":"http:\/\/www.latempete.info\/index.php?rest_route=%2Fwp%2Fv2%2Fcomments&post=76961"}],"version-history":[{"count":1,"href":"http:\/\/www.latempete.info\/index.php?rest_route=\/wp\/v2\/posts\/76961\/revisions"}],"predecessor-version":[{"id":76962,"href":"http:\/\/www.latempete.info\/index.php?rest_route=\/wp\/v2\/posts\/76961\/revisions\/76962"}],"wp:attachment":[{"href":"http:\/\/www.latempete.info\/index.php?rest_route=%2Fwp%2Fv2%2Fmedia&parent=76961"}],"wp:term":[{"taxonomy":"category","embeddable":true,"href":"http:\/\/www.latempete.info\/index.php?rest_route=%2Fwp%2Fv2%2Fcategories&post=76961"},{"taxonomy":"post_tag","embeddable":true,"href":"http:\/\/www.latempete.info\/index.php?rest_route=%2Fwp%2Fv2%2Ftags&post=76961"}],"curies":[{"name":"wp","href":"https:\/\/api.w.org\/{rel}","templated":true}]}}