{"id":77212,"date":"2026-04-21T20:34:51","date_gmt":"2026-04-21T20:34:51","guid":{"rendered":"https:\/\/www.latempete.info\/?p=77212"},"modified":"2026-04-21T20:34:55","modified_gmt":"2026-04-21T20:34:55","slug":"projet-de-revision-de-la-constitution-lusn-lance-un-appel-a-contributions-citoyennes-jusquau-20-mai","status":"publish","type":"post","link":"http:\/\/www.latempete.info\/?p=77212","title":{"rendered":"Projet de r\u00e9vision de la Constitution : L&rsquo;USN lance un appel \u00e0 contributions citoyennes jusqu&rsquo;au 20 mai"},"content":{"rendered":"\n<p>Par Armando MANANASI<\/p>\n\n\n\n<p>Jusque-l\u00e0 informel, le d\u00e9bat sur la modification envisag\u00e9e de la loi fondamentale de la R\u00e9publique D\u00e9mocratique du Congo a franchi une nouvelle \u00e9tape op\u00e9rationnelle. L&rsquo;Union Sacr\u00e9e de la Nation (USN), Majorit\u00e9 au pouvoir, a officiellement lanc\u00e9 un appel \u00e0 contributions citoyennes pour alimenter son projet de r\u00e9vision constitutionnelle.<br>Dans un communiqu\u00e9 sign\u00e9 par son Secr\u00e9taire Permanent, Andr\u00e9 Mbata, la plateforme pr\u00e9sidentielle invite la soci\u00e9t\u00e9 civile, les ordres professionnels et l&rsquo;ensemble des forces vives \u00e0 soumettre leurs propositions de r\u00e9formes.<\/p>\n\n\n\n<p>Selon la d\u00e9marche, les contributeurs ont jusqu&rsquo;au 20 mai prochain pour faire parvenir leurs m\u00e9mos et suggestions au secr\u00e9tariat permanent de la Majorit\u00e9.<br>Pour l&rsquo;USN, cette d\u00e9marche vise \u00e0 adapter les institutions aux r\u00e9alit\u00e9s sociopolitiques actuelles du pays. Cette collecte de propositions devrait servir de base de travail \u00e0 la commission sp\u00e9ciale que l&rsquo;Union Sacr\u00e9e compte mettre en place pour statuer sur les r\u00e9formes \u00e0 soumettre au Parlement. Alors que le pr\u00e9sident F\u00e9lix Tshisekedi a plusieurs fois r\u00e9it\u00e9r\u00e9 sa volont\u00e9 de ne pas toucher aux fondamentaux de la d\u00e9mocratie congolaise, l&rsquo;appel lanc\u00e9 au peuple par Andr\u00e9 Mbata place d\u00e9sormais le d\u00e9bat constitutionnel au c\u0153ur de l&rsquo;agenda politique de ce trimestre, au Parlement. Un sujet qui promet des \u00e9changes houleux lors de prochaines sessions parlementaires.<\/p>\n\n\n\n<p>Entre adh\u00e9sion et suspicion politique<\/p>\n\n\n\n<p>Alors que la majorit\u00e9 au pouvoir pr\u00e9tend que cet appel \u00e0 contributions se veut inclusif et transparent, il est cependant loin de faire unanimit\u00e9 au sein de la classe politique. L&rsquo;opposition y voit une man\u0153uvre visant \u00e0 \u00a0\u00bb d\u00e9verrouiller \u00a0\u00bb les articles intangibles de la Constitution, notamment ceux relatifs au nombre et \u00e0 la dur\u00e9e des mandats pr\u00e9sidentiels. Des figures de l&rsquo;opposition et certains mouvements citoyens qualifient cela de \u00ab\u00a0d\u00e9marche suicidaire\u00a0\u00bb et promettent de faire barrage \u00e0 ce qu&rsquo;ils consid\u00e8rent comme \u00ab\u00a0changement de r\u00e8gles du jeu en plein second mandat\u00a0\u00bb.<\/p>\n","protected":false},"excerpt":{"rendered":"<p>Par Armando MANANASI Jusque-l\u00e0 informel, le d\u00e9bat sur la modification envisag\u00e9e de la loi fondamentale de la R\u00e9publique D\u00e9mocratique du Congo a franchi une nouvelle \u00e9tape op\u00e9rationnelle. L&rsquo;Union Sacr\u00e9e de la Nation (USN), Majorit\u00e9 au pouvoir, a officiellement lanc\u00e9 un appel \u00e0 contributions citoyennes pour alimenter son projet de r\u00e9vision constitutionnelle.Dans un communiqu\u00e9 sign\u00e9 par [&hellip;]<\/p>\n","protected":false},"author":1,"featured_media":77213,"comment_status":"closed","ping_status":"closed","sticky":false,"template":"","format":"standard","meta":{"footnotes":""},"categories":[136,134,130,5],"tags":[],"class_list":["post-77212","post","type-post","status-publish","format-standard","has-post-thumbnail","hentry","category-a-la-une","category-la-tempete-des-tropiques","category-nation","category-politique"],"_links":{"self":[{"href":"http:\/\/www.latempete.info\/index.php?rest_route=\/wp\/v2\/posts\/77212"}],"collection":[{"href":"http:\/\/www.latempete.info\/index.php?rest_route=\/wp\/v2\/posts"}],"about":[{"href":"http:\/\/www.latempete.info\/index.php?rest_route=\/wp\/v2\/types\/post"}],"author":[{"embeddable":true,"href":"http:\/\/www.latempete.info\/index.php?rest_route=\/wp\/v2\/users\/1"}],"replies":[{"embeddable":true,"href":"http:\/\/www.latempete.info\/index.php?rest_route=%2Fwp%2Fv2%2Fcomments&post=77212"}],"version-history":[{"count":1,"href":"http:\/\/www.latempete.info\/index.php?rest_route=\/wp\/v2\/posts\/77212\/revisions"}],"predecessor-version":[{"id":77214,"href":"http:\/\/www.latempete.info\/index.php?rest_route=\/wp\/v2\/posts\/77212\/revisions\/77214"}],"wp:featuredmedia":[{"embeddable":true,"href":"http:\/\/www.latempete.info\/index.php?rest_route=\/wp\/v2\/media\/77213"}],"wp:attachment":[{"href":"http:\/\/www.latempete.info\/index.php?rest_route=%2Fwp%2Fv2%2Fmedia&parent=77212"}],"wp:term":[{"taxonomy":"category","embeddable":true,"href":"http:\/\/www.latempete.info\/index.php?rest_route=%2Fwp%2Fv2%2Fcategories&post=77212"},{"taxonomy":"post_tag","embeddable":true,"href":"http:\/\/www.latempete.info\/index.php?rest_route=%2Fwp%2Fv2%2Ftags&post=77212"}],"curies":[{"name":"wp","href":"https:\/\/api.w.org\/{rel}","templated":true}]}}