{"id":77216,"date":"2026-04-21T20:44:53","date_gmt":"2026-04-21T20:44:53","guid":{"rendered":"https:\/\/www.latempete.info\/?p=77216"},"modified":"2026-04-21T20:44:55","modified_gmt":"2026-04-21T20:44:55","slug":"escalade-militaire-au-kivu-minembwe-sous-le-feu-des-drones","status":"publish","type":"post","link":"http:\/\/www.latempete.info\/?p=77216","title":{"rendered":"Escalade militaire au Kivu : Minembwe sous le feu des drones !"},"content":{"rendered":"\n<p>Escalade militaire au Kivu : Minembwe sous le feu des drones !Au m\u00eame moment, le Rwanda \u00e9rige un camp militaire \u00e0 Kabare<\/p>\n\n\n\n<p>Par Armando MANANASI<\/p>\n\n\n\n<p>Alors que l&rsquo;encre des accords humanitaires conclus \u00e0 Montreux (Suisse) peine \u00e0 s\u00e9cher, la situation s\u00e9curitaire s&#8217;embrase \u00e0 nouveau dans l&rsquo;Est de la R\u00e9publique d\u00e9mocratique du Congo.<\/p>\n\n\n\n<p>Les Forces Arm\u00e9es de la RDC (FARDC) d\u00e9noncent une offensive d&rsquo;envergure de la coalition RDF\/M23 dans les hauts plateaux de Minembwe, au Sud-Kivu, marquant une rupture brutale avec l&rsquo;espoir d&rsquo;une tr\u00eave. Le gouvernement provincial du Sud-Kivu a, pour sa part, lanc\u00e9 un cri d&rsquo;alarme concernant le territoire de Kabare, pour d\u00e9noncer l&rsquo;\u00e9rection d&rsquo;un camp militaire rwandais au village de Mumosho, zone actuellement sous occupation de l&rsquo;AFC\/M23.<\/p>\n\n\n\n<p>Kigali tire les ficelles<\/p>\n\n\n\n<p>Dans cette nouvelle d&rsquo;escalade de violences, l&rsquo;implication directe du Rwanda est \u00e0 peine voil\u00e9e. En effet, l&rsquo;attaque des terroristes du M23 survenue au lendemain des pourparlers helv\u00e9tiques, a \u00e9t\u00e9 marqu\u00e9e par l&rsquo;usage particulier de drones de combat. Une technologie que les rebelles ne peuvent d\u00e9tenir ni manipuler, seuls sans aide ext\u00e9rieure.<\/p>\n\n\n\n<p>Ces frappes de drones ont vis\u00e9 des positions militaires mais aussi des zones dens\u00e9ment peupl\u00e9es \u00e0 Mikenge et Kakenge, causant la mort de quatre civils et faisant huit bless\u00e9s.<br>Le gouvernement provincial du Sud-Kivu a qualifi\u00e9 cet acte d'\u00a0\u00bb extr\u00eame gravit\u00e9 \u00a0\u00bb et de \u00a0\u00bb violation flagrante de la souverainet\u00e9 nationale \u00ab\u00a0. Car, cette implantation de troupes \u00e9trang\u00e8res sur le sol congolais, risque d&rsquo;\u00eatre p\u00e9renne.<\/p>\n\n\n\n<p>D\u00e9sastre humanitaire au Nord-Kivu<\/p>\n\n\n\n<p>La situation est \u00e9galement tr\u00e8s critique dans la province voisine du Nord-Kivu. Dans le territoire de Walikale, la progression de l&rsquo;AFC\/M23 a d\u00e9clench\u00e9 un exode massif. Plus de 40 000 personnes d\u00e9plac\u00e9es vivent aujourd&rsquo;hui dans des conditions de totale pr\u00e9carit\u00e9.<\/p>\n\n\n\n<p>C&rsquo;est le cas notamment dans le groupement de Waloa Loanda. Les d\u00e9fenseurs des droits humains alertent sur le sort de 11 600 m\u00e9nages sans nourritures ni soins, alors que des t\u00e9moignages font \u00e9tat d&rsquo;arrestations arbitraires.<\/p>\n\n\n\n<p>Le territoire de Masisi n&rsquo;est pas \u00e9pargn\u00e9. Depuis dimanche 19 avril, des rebelles de l&rsquo;AFC\/M23 ont fait irruption dans le village de Ndurumo, pr\u00e8s de Lukweti, dans le groupement Bashali Mokoto.<\/p>\n\n\n\n<p>Les assaillants y ont incendi\u00e9 une dizaine de maisons, jetant \u00e0 nouveau les populations civiles sur les routes de l&rsquo;exil.<br>Quid des engagements pris par les rebelles ?<\/p>\n\n\n\n<p>Cette recrudescence des hostilit\u00e9s intervient alors qu&rsquo;un protocole a \u00e9t\u00e9 sign\u00e9 le 18 avril 2026 \u00e0 Montreux, entre Kinshasa et l&rsquo;AFC\/M23. Cet accord pr\u00e9voit l&rsquo;ouverture de corridors humanitaires et la lib\u00e9ration de 477 prisonniers d&rsquo;ici le 27 avril. Mais, sur le terrain, l&rsquo;\u00e9rection de nouvelles infrastructures militaires et la reprise des bombardements a\u00e9riens remettent en cause la volont\u00e9 r\u00e9elle des rebelles soutenus par Kigali de transformer leurs engagements en une paix durable.<\/p>\n\n\n\n<p>Pourtant, au niveau diplomatique, la CIRGL a salu\u00e9 ce protocole, le qualifiant d&rsquo;une \u00a0\u00bb \u00e9tape cl\u00e9 \u00ab\u00a0.<\/p>\n\n\n\n<p>Ce partenariat vise \u00e0 int\u00e9grer le m\u00e9canisme de surveillance de l&rsquo;Accord-cadre de Doha au M\u00e9canisme Conjoint de V\u00e9rification \u00c9largi (MCVE Plus). Cette nouvelle structure a pour mission essentielle de surveiller le cessez-le-feu permanent, d&rsquo;enqu\u00eater sur les violations et de pr\u00e9venir toute escalade. Un optimisme institutionnel qui se heurte, malheureusement, \u00e0 la r\u00e9alit\u00e9 sanglante du terrain.<\/p>\n","protected":false},"excerpt":{"rendered":"<p>Escalade militaire au Kivu : Minembwe sous le feu des drones !Au m\u00eame moment, le Rwanda \u00e9rige un camp militaire \u00e0 Kabare Par Armando MANANASI Alors que l&rsquo;encre des accords humanitaires conclus \u00e0 Montreux (Suisse) peine \u00e0 s\u00e9cher, la situation s\u00e9curitaire s&#8217;embrase \u00e0 nouveau dans l&rsquo;Est de la R\u00e9publique d\u00e9mocratique du Congo. Les Forces Arm\u00e9es [&hellip;]<\/p>\n","protected":false},"author":1,"featured_media":77217,"comment_status":"closed","ping_status":"closed","sticky":false,"template":"","format":"standard","meta":{"footnotes":""},"categories":[136,134,25,10],"tags":[],"class_list":["post-77216","post","type-post","status-publish","format-standard","has-post-thumbnail","hentry","category-a-la-une","category-la-tempete-des-tropiques","category-province","category-societe"],"_links":{"self":[{"href":"http:\/\/www.latempete.info\/index.php?rest_route=\/wp\/v2\/posts\/77216"}],"collection":[{"href":"http:\/\/www.latempete.info\/index.php?rest_route=\/wp\/v2\/posts"}],"about":[{"href":"http:\/\/www.latempete.info\/index.php?rest_route=\/wp\/v2\/types\/post"}],"author":[{"embeddable":true,"href":"http:\/\/www.latempete.info\/index.php?rest_route=\/wp\/v2\/users\/1"}],"replies":[{"embeddable":true,"href":"http:\/\/www.latempete.info\/index.php?rest_route=%2Fwp%2Fv2%2Fcomments&post=77216"}],"version-history":[{"count":1,"href":"http:\/\/www.latempete.info\/index.php?rest_route=\/wp\/v2\/posts\/77216\/revisions"}],"predecessor-version":[{"id":77218,"href":"http:\/\/www.latempete.info\/index.php?rest_route=\/wp\/v2\/posts\/77216\/revisions\/77218"}],"wp:featuredmedia":[{"embeddable":true,"href":"http:\/\/www.latempete.info\/index.php?rest_route=\/wp\/v2\/media\/77217"}],"wp:attachment":[{"href":"http:\/\/www.latempete.info\/index.php?rest_route=%2Fwp%2Fv2%2Fmedia&parent=77216"}],"wp:term":[{"taxonomy":"category","embeddable":true,"href":"http:\/\/www.latempete.info\/index.php?rest_route=%2Fwp%2Fv2%2Fcategories&post=77216"},{"taxonomy":"post_tag","embeddable":true,"href":"http:\/\/www.latempete.info\/index.php?rest_route=%2Fwp%2Fv2%2Ftags&post=77216"}],"curies":[{"name":"wp","href":"https:\/\/api.w.org\/{rel}","templated":true}]}}