{"id":77263,"date":"2026-04-23T19:03:10","date_gmt":"2026-04-23T19:03:10","guid":{"rendered":"https:\/\/www.latempete.info\/?p=77263"},"modified":"2026-04-23T19:03:13","modified_gmt":"2026-04-23T19:03:13","slug":"sud-kivu-le-gouverneur-jean-jacques-purusi-vise-par-une-motion-de-censure","status":"publish","type":"post","link":"http:\/\/www.latempete.info\/?p=77263","title":{"rendered":"Sud-Kivu : le gouverneur Jean-Jacques Purusi vis\u00e9 par une motion de censure"},"content":{"rendered":"\n<p>Par Thony Kambila<\/p>\n\n\n\n<p>Une motion de censure visant le gouverneur Jean-Jacques Purusi Sadiki a \u00e9t\u00e9 d\u00e9pos\u00e9e au bureau de l&rsquo;Assembl\u00e9e provinciale \u00e0 Uvira, chef-lieu provisoire du Sud-Kivu, le mardi 21 avril 2026.<\/p>\n\n\n\n<p>Sans pour autant pr\u00e9ciser les raisons dans sa correspondance, le d\u00e9put\u00e9 Karume Bahige Jean fonde sa d\u00e9marche sur la Constitution de la R\u00e9publique D\u00e9mocratique du Congo, la loi organique n\u00b013\/008 du 22 janvier 2023 ainsi que le r\u00e8glement d&rsquo;ordre int\u00e9rieur de l&rsquo;Assembl\u00e9e provinciale.<\/p>\n\n\n\n<p>Cette initiative suscite d\u00e9j\u00e0 des r\u00e9actions dans l&rsquo;opinion, plusieurs estimant qu&rsquo;elle intervient \u00e0 un moment inopportun, alors que les priorit\u00e9s restent centr\u00e9es sur la situation s\u00e9curitaire.<\/p>\n","protected":false},"excerpt":{"rendered":"<p>Par Thony Kambila Une motion de censure visant le gouverneur Jean-Jacques Purusi Sadiki a \u00e9t\u00e9 d\u00e9pos\u00e9e au bureau de l&rsquo;Assembl\u00e9e provinciale \u00e0 Uvira, chef-lieu provisoire du Sud-Kivu, le mardi 21 avril 2026. Sans pour autant pr\u00e9ciser les raisons dans sa correspondance, le d\u00e9put\u00e9 Karume Bahige Jean fonde sa d\u00e9marche sur la Constitution de la R\u00e9publique [&hellip;]<\/p>\n","protected":false},"author":1,"featured_media":77264,"comment_status":"closed","ping_status":"closed","sticky":false,"template":"","format":"standard","meta":{"footnotes":""},"categories":[136,134,130,5,25],"tags":[],"class_list":["post-77263","post","type-post","status-publish","format-standard","has-post-thumbnail","hentry","category-a-la-une","category-la-tempete-des-tropiques","category-nation","category-politique","category-province"],"_links":{"self":[{"href":"http:\/\/www.latempete.info\/index.php?rest_route=\/wp\/v2\/posts\/77263"}],"collection":[{"href":"http:\/\/www.latempete.info\/index.php?rest_route=\/wp\/v2\/posts"}],"about":[{"href":"http:\/\/www.latempete.info\/index.php?rest_route=\/wp\/v2\/types\/post"}],"author":[{"embeddable":true,"href":"http:\/\/www.latempete.info\/index.php?rest_route=\/wp\/v2\/users\/1"}],"replies":[{"embeddable":true,"href":"http:\/\/www.latempete.info\/index.php?rest_route=%2Fwp%2Fv2%2Fcomments&post=77263"}],"version-history":[{"count":1,"href":"http:\/\/www.latempete.info\/index.php?rest_route=\/wp\/v2\/posts\/77263\/revisions"}],"predecessor-version":[{"id":77265,"href":"http:\/\/www.latempete.info\/index.php?rest_route=\/wp\/v2\/posts\/77263\/revisions\/77265"}],"wp:featuredmedia":[{"embeddable":true,"href":"http:\/\/www.latempete.info\/index.php?rest_route=\/wp\/v2\/media\/77264"}],"wp:attachment":[{"href":"http:\/\/www.latempete.info\/index.php?rest_route=%2Fwp%2Fv2%2Fmedia&parent=77263"}],"wp:term":[{"taxonomy":"category","embeddable":true,"href":"http:\/\/www.latempete.info\/index.php?rest_route=%2Fwp%2Fv2%2Fcategories&post=77263"},{"taxonomy":"post_tag","embeddable":true,"href":"http:\/\/www.latempete.info\/index.php?rest_route=%2Fwp%2Fv2%2Ftags&post=77263"}],"curies":[{"name":"wp","href":"https:\/\/api.w.org\/{rel}","templated":true}]}}