{"id":77340,"date":"2026-04-28T13:26:06","date_gmt":"2026-04-28T13:26:06","guid":{"rendered":"https:\/\/www.latempete.info\/?p=77340"},"modified":"2026-04-28T13:26:09","modified_gmt":"2026-04-28T13:26:09","slug":"injures-sur-judith-suminwa-le-gouvernement-saisit-la-justice","status":"publish","type":"post","link":"http:\/\/www.latempete.info\/?p=77340","title":{"rendered":"Injures sur Judith Suminwa : le Gouvernement saisit la justice"},"content":{"rendered":"\n<p>Par LM<\/p>\n\n\n\n<p>La r\u00e9cente intervention de Judith Suminwa Tuluka sur TV5 Monde a d\u00e9clench\u00e9 une vive controverse en R\u00e9publique D\u00e9mocratique du Congo. En \u00e9voquant la question sensible de migrants pr\u00e9sent\u00e9s comme venant des \u00c9tats-Unis vers la RD Congo, la Premi\u00e8re ministre a suscit\u00e9 incompr\u00e9hensions, critiques et r\u00e9actions parfois excessives au sein de l&rsquo;opinion publique.<\/p>\n\n\n\n<p>Dans les heures ayant suivi cette sortie m\u00e9diatique, un militant d&rsquo;un parti politique s&rsquo;est illustr\u00e9 par des propos injurieux \u00e0 l&rsquo;endroit de la cheffe du Gouvernement. Cette r\u00e9action, largement relay\u00e9e sur les r\u00e9seaux sociaux, a raviv\u00e9 le d\u00e9bat sur les limites de la libert\u00e9 d&rsquo;expression dans l&rsquo;espace politique congolais.<\/p>\n\n\n\n<p>Face \u00e0 cette d\u00e9rive, la direction de l&rsquo;Union pour la D\u00e9mocratie et le Progr\u00e8s Social (UDPS) n&rsquo;a pas tard\u00e9 \u00e0 r\u00e9agir. Le parti pr\u00e9sidentiel a publiquement interpell\u00e9 ses communicateurs et militants, condamnant fermement les insultes visant les autorit\u00e9s, quelles que soient les divergences d&rsquo;opinion.<\/p>\n\n\n\n<p>L&rsquo;UDPS a insist\u00e9 sur la n\u00e9cessit\u00e9 de pr\u00e9server un discours responsable, appelant ses membres \u00e0 privil\u00e9gier des critiques constructives plut\u00f4t que des attaques personnelles.<\/p>\n\n\n\n<p>Un retournement progressif de l&rsquo;opinion<\/p>\n\n\n\n<p>Paradoxalement, cette pol\u00e9mique semble avoir contribu\u00e9 \u00e0 repositionner Judith Suminwa dans l&rsquo;opinion. Apr\u00e8s une phase d&rsquo;indignation et de rejet, une partie de la population exprime d\u00e9sormais un soutien plus visible \u00e0 la Premi\u00e8re ministre.<\/p>\n\n\n\n<p>Plusieurs associations de d\u00e9fense des droits des femmes ont \u00e9galement condamn\u00e9 les attaques verbales dont elle a \u00e9t\u00e9 la cible, appelant la justice \u00e0 se saisir du dossier. Lors de la derni\u00e8re r\u00e9union du Conseil des ministres, le gouvernement a demand\u00e9 \u00e0 la justice de prendre ses responsabilit\u00e9s afin que l&rsquo;auteur de l&rsquo;audio devenu viral sur les r\u00e9seaux sociaux r\u00e9ponde de ses actes. D&rsquo;autres voix se sont \u00e9lev\u00e9es pour d\u00e9noncer ces exc\u00e8s verbaux, estimant qu&rsquo;ils traduisent un manque de respect envers les institutions de la R\u00e9publique.<\/p>\n\n\n\n<p>Le\u00e7ons politiques d&rsquo;une s\u00e9quence tendue<\/p>\n\n\n\n<p>Ce basculement progressif vers un soutien populaire s&rsquo;explique aussi par une lecture plus nuanc\u00e9e de ses propos sur TV5 Monde. Certains analystes y voient une tentative d&rsquo;aborder des enjeux migratoires complexes dans un contexte international sensible, plut\u00f4t qu&rsquo;une d\u00e9claration maladroite comme initialement per\u00e7ue.<\/p>\n\n\n\n<p>Au final, cette s\u00e9quence illustre les fragilit\u00e9s du d\u00e9bat public en RDC, o\u00f9 la fronti\u00e8re entre critique politique et invective demeure parfois floue. Elle met \u00e9galement en lumi\u00e8re le d\u00e9fi pour les partis politiques d&rsquo;encadrer la communication de leurs bases militantes \u00e0 l&rsquo;\u00e8re des r\u00e9seaux sociaux. Entre indignation initiale et \u00e9lan de solidarit\u00e9, Judith Suminwa semble, pour l&rsquo;heure, b\u00e9n\u00e9ficier d&rsquo;un retournement d&rsquo;opinion susceptible de renforcer sa l\u00e9gitimit\u00e9 \u00e0 la t\u00eate du Gouvernement.<\/p>\n","protected":false},"excerpt":{"rendered":"<p>Par LM La r\u00e9cente intervention de Judith Suminwa Tuluka sur TV5 Monde a d\u00e9clench\u00e9 une vive controverse en R\u00e9publique D\u00e9mocratique du Congo. En \u00e9voquant la question sensible de migrants pr\u00e9sent\u00e9s comme venant des \u00c9tats-Unis vers la RD Congo, la Premi\u00e8re ministre a suscit\u00e9 incompr\u00e9hensions, critiques et r\u00e9actions parfois excessives au sein de l&rsquo;opinion publique. Dans [&hellip;]<\/p>\n","protected":false},"author":1,"featured_media":77333,"comment_status":"closed","ping_status":"closed","sticky":false,"template":"","format":"standard","meta":{"footnotes":""},"categories":[136,134,130,5],"tags":[],"class_list":["post-77340","post","type-post","status-publish","format-standard","has-post-thumbnail","hentry","category-a-la-une","category-la-tempete-des-tropiques","category-nation","category-politique"],"_links":{"self":[{"href":"http:\/\/www.latempete.info\/index.php?rest_route=\/wp\/v2\/posts\/77340"}],"collection":[{"href":"http:\/\/www.latempete.info\/index.php?rest_route=\/wp\/v2\/posts"}],"about":[{"href":"http:\/\/www.latempete.info\/index.php?rest_route=\/wp\/v2\/types\/post"}],"author":[{"embeddable":true,"href":"http:\/\/www.latempete.info\/index.php?rest_route=\/wp\/v2\/users\/1"}],"replies":[{"embeddable":true,"href":"http:\/\/www.latempete.info\/index.php?rest_route=%2Fwp%2Fv2%2Fcomments&post=77340"}],"version-history":[{"count":1,"href":"http:\/\/www.latempete.info\/index.php?rest_route=\/wp\/v2\/posts\/77340\/revisions"}],"predecessor-version":[{"id":77341,"href":"http:\/\/www.latempete.info\/index.php?rest_route=\/wp\/v2\/posts\/77340\/revisions\/77341"}],"wp:featuredmedia":[{"embeddable":true,"href":"http:\/\/www.latempete.info\/index.php?rest_route=\/wp\/v2\/media\/77333"}],"wp:attachment":[{"href":"http:\/\/www.latempete.info\/index.php?rest_route=%2Fwp%2Fv2%2Fmedia&parent=77340"}],"wp:term":[{"taxonomy":"category","embeddable":true,"href":"http:\/\/www.latempete.info\/index.php?rest_route=%2Fwp%2Fv2%2Fcategories&post=77340"},{"taxonomy":"post_tag","embeddable":true,"href":"http:\/\/www.latempete.info\/index.php?rest_route=%2Fwp%2Fv2%2Ftags&post=77340"}],"curies":[{"name":"wp","href":"https:\/\/api.w.org\/{rel}","templated":true}]}}