{"id":77362,"date":"2026-04-28T18:54:16","date_gmt":"2026-04-28T18:54:16","guid":{"rendered":"https:\/\/www.latempete.info\/?p=77362"},"modified":"2026-04-28T18:54:21","modified_gmt":"2026-04-28T18:54:21","slug":"apres-une-mission-a-beni-bunia-et-goma-la-monusco-alerte-sur-des-defis-securitaires-persistants","status":"publish","type":"post","link":"http:\/\/www.latempete.info\/?p=77362","title":{"rendered":"Apr\u00e8s une mission \u00e0 Beni, Bunia et Goma : La MONUSCO alerte sur des d\u00e9fis s\u00e9curitaires persistants"},"content":{"rendered":"\n<p>Par LM<\/p>\n\n\n\n<p>Le Repr\u00e9sentant sp\u00e9cial du Secr\u00e9taire g\u00e9n\u00e9ral des Nations Unies en R\u00e9publique D\u00e9mocratique du Congo, James Swan, a achev\u00e9 une mission de terrain dans l&rsquo;Est du pays, notamment \u00e0 Beni, Bunia et Goma, o\u00f9 il a \u00e9valu\u00e9 la situation s\u00e9curitaire et \u00e9chang\u00e9 avec les populations affect\u00e9es par les conflits.<\/p>\n\n\n\n<p> Cette premi\u00e8re tourn\u00e9e depuis sa prise de fonctions a permis de constater la persistance de l&rsquo;ins\u00e9curit\u00e9, les d\u00e9placements massifs des populations ainsi que les pr\u00e9occupations exprim\u00e9es par les communaut\u00e9s locales dans ces zones en proie aux violences arm\u00e9es. Au cours de cette mission, plusieurs priorit\u00e9s op\u00e9rationnelles ont \u00e9t\u00e9 d\u00e9finies, notamment en mati\u00e8re de protection des civils et de suivi du cessez-le-feu. <\/p>\n\n\n\n<p>La Mission de l&rsquo;Organisation des Nations Unies pour la Stabilisation en R\u00e9publique D\u00e9mocratique du Congo (MONUSCO) participe \u00e0 ce dispositif \u00e0 travers le MCVE+, en collaboration avec le Joint Intelligence Fusion Center. \u00c0 Goma, les \u00e9changes ont \u00e9galement port\u00e9 sur l&rsquo;application des R\u00e9solutions 2773 du Conseil de s\u00e9curit\u00e9 de l&rsquo;ONU et 2808 du Conseil de s\u00e9curit\u00e9 de l&rsquo;ONU, ainsi que sur les m\u00e9canismes de suivi du cessez-le-feu. <\/p>\n\n\n\n<p>Les discussions ont par ailleurs abord\u00e9 les processus diplomatiques en cours, notamment ceux de Doha et de Washington, sans oublier les initiatives de l&rsquo;Union africaine li\u00e9es \u00e0 la situation s\u00e9curitaire dans l&rsquo;Est de la RDC. Cette mission intervient dans un contexte marqu\u00e9 par des efforts de d\u00e9sescalade et des appels r\u00e9p\u00e9t\u00e9s au respect des engagements pris par les diff\u00e9rentes parties impliqu\u00e9es dans le conflit.<\/p>\n","protected":false},"excerpt":{"rendered":"<p>Par LM Le Repr\u00e9sentant sp\u00e9cial du Secr\u00e9taire g\u00e9n\u00e9ral des Nations Unies en R\u00e9publique D\u00e9mocratique du Congo, James Swan, a achev\u00e9 une mission de terrain dans l&rsquo;Est du pays, notamment \u00e0 Beni, Bunia et Goma, o\u00f9 il a \u00e9valu\u00e9 la situation s\u00e9curitaire et \u00e9chang\u00e9 avec les populations affect\u00e9es par les conflits. Cette premi\u00e8re tourn\u00e9e depuis sa [&hellip;]<\/p>\n","protected":false},"author":1,"featured_media":0,"comment_status":"closed","ping_status":"closed","sticky":false,"template":"","format":"standard","meta":{"footnotes":""},"categories":[134,25,10],"tags":[],"class_list":["post-77362","post","type-post","status-publish","format-standard","hentry","category-la-tempete-des-tropiques","category-province","category-societe"],"_links":{"self":[{"href":"http:\/\/www.latempete.info\/index.php?rest_route=\/wp\/v2\/posts\/77362"}],"collection":[{"href":"http:\/\/www.latempete.info\/index.php?rest_route=\/wp\/v2\/posts"}],"about":[{"href":"http:\/\/www.latempete.info\/index.php?rest_route=\/wp\/v2\/types\/post"}],"author":[{"embeddable":true,"href":"http:\/\/www.latempete.info\/index.php?rest_route=\/wp\/v2\/users\/1"}],"replies":[{"embeddable":true,"href":"http:\/\/www.latempete.info\/index.php?rest_route=%2Fwp%2Fv2%2Fcomments&post=77362"}],"version-history":[{"count":1,"href":"http:\/\/www.latempete.info\/index.php?rest_route=\/wp\/v2\/posts\/77362\/revisions"}],"predecessor-version":[{"id":77363,"href":"http:\/\/www.latempete.info\/index.php?rest_route=\/wp\/v2\/posts\/77362\/revisions\/77363"}],"wp:attachment":[{"href":"http:\/\/www.latempete.info\/index.php?rest_route=%2Fwp%2Fv2%2Fmedia&parent=77362"}],"wp:term":[{"taxonomy":"category","embeddable":true,"href":"http:\/\/www.latempete.info\/index.php?rest_route=%2Fwp%2Fv2%2Fcategories&post=77362"},{"taxonomy":"post_tag","embeddable":true,"href":"http:\/\/www.latempete.info\/index.php?rest_route=%2Fwp%2Fv2%2Ftags&post=77362"}],"curies":[{"name":"wp","href":"https:\/\/api.w.org\/{rel}","templated":true}]}}