{"id":1220,"date":"2014-03-26T09:56:17","date_gmt":"2014-03-26T09:56:17","guid":{"rendered":"http:\/\/latempete.info\/?p=1220"},"modified":"2014-03-26T09:56:17","modified_gmt":"2014-03-26T09:56:17","slug":"augustin-matata-appele-a-faire-rentrer-loperateur-economique-serge-kasanda-dans-ses-droits","status":"publish","type":"post","link":"https:\/\/www.latempete.info\/?p=1220","title":{"rendered":"<!--:fr-->Augustin Matata  appel\u00e9 \u00e0 faire rentrer l&rsquo;op\u00e9rateur \u00e9conomique Serge Kasanda dans ses droits<!--:-->"},"content":{"rendered":"<p><!--:fr--><strong>Apr\u00e8s une \u00e9ni\u00e8me lettre d&rsquo;IMMO-SERKAS sollicitant l&rsquo;audience aupr\u00e8s du Premier Ministre <\/strong><\/p>\n<p>Une nouvelle lettre  de l&rsquo;op\u00e9rateur \u00e9conomique congolais Serge Kasanda sollicitant une audience aupr\u00e8s du Premier Ministre Augustin Matata vient d&rsquo;\u00eatre adress\u00e9e \u00e0 ce dernier, pour  exiger le paiement par l&rsquo;Etat des cr\u00e9ances  dues \u00e0 cet op\u00e9rateur \u00e9conomique bien connu.<\/p>\n<p>Dans sa lettre de demande d&rsquo;audience, l&rsquo;homme d&rsquo;Affaires congolais appelle le Premier Ministre Augustin Matata Ponyo \u00e0 s&rsquo;impliquer en vue de permettre \u00e0 la Soci\u00e9t\u00e9 immobili\u00e8re Serge Kasanda de rentrer dans ses droits les plus l\u00e9gitimes.<\/p>\n<p>Sauf impr\u00e9vu, Serge Kasanda devra tenir ce mercredi un point de presse \u00e0 propos de cette affaire. Le cas SERKAS est Une interpellation pour le gouvernement Matata qui affirme soutenir les op\u00e9rateurs \u00e9conomiques nationaux dans la perspective de consolider la maitrise du cadre macro-\u00e9conomique. <\/p>\n<p>Curieusement, selon des informations en notre possession, le Premier Ministre a maintes fois esquiv\u00e9 les demandes d&rsquo;audiences lui adress\u00e9es en sa qualit\u00e9 de chef du gouvernement,  par le patron d'\u00a0\u00bb Immo Serkas \u00a0\u00bb pour tenter de sauver son entreprise au bord de la faillite. <\/p>\n<p>Dans cette affaire, il y a lieu de d\u00e9plorer  aussi la lenteur de Matata pour traiter un dossier aussi sensible, malgr\u00e9 la recommandation du Chef de l&rsquo;Etat Joseph Kabila. Le Premier Ministre Augustin Matata Ponyo qui est une nouvelle fois mis \u00e0 l&rsquo;\u00e9preuve est donc appel\u00e9 \u00e0 s&rsquo;impliquer personnellement, pour corriger les erreurs du Vice-premier Daniel Mukoko Samba, sur ce dossier et r\u00e9tablir SERKAS dans ses droits.<\/p>\n<p>Ci-dessous le fac-simil\u00e9 de la lettre de Serge Kasanda sollicitant l&rsquo;audience aupr\u00e8s du Premier ministre Augustin Matata.<\/p>\n<p>                                                                                                                                             Par  God\u00e9 Kalonji Mukendi<!--:--><\/p>\n","protected":false},"excerpt":{"rendered":"<p>Apr\u00e8s une \u00e9ni\u00e8me lettre d&rsquo;IMMO-SERKAS sollicitant l&rsquo;audience aupr\u00e8s du Premier Ministre Une nouvelle lettre de l&rsquo;op\u00e9rateur \u00e9conomique congolais Serge Kasanda sollicitant une audience aupr\u00e8s du Premier Ministre Augustin Matata vient d&rsquo;\u00eatre adress\u00e9e \u00e0 ce dernier, pour exiger le paiement par l&rsquo;Etat des cr\u00e9ances dues \u00e0 cet op\u00e9rateur \u00e9conomique bien connu. Dans sa lettre de demande [&hellip;]<\/p>\n","protected":false},"author":12,"featured_media":0,"comment_status":"open","ping_status":"open","sticky":false,"template":"","format":"standard","meta":{"footnotes":""},"categories":[115,4,134],"tags":[],"class_list":["post-1220","post","type-post","status-publish","format-standard","hentry","category-debat-opinion","category-forum","category-la-tempete-des-tropiques"],"_links":{"self":[{"href":"https:\/\/www.latempete.info\/index.php?rest_route=\/wp\/v2\/posts\/1220"}],"collection":[{"href":"https:\/\/www.latempete.info\/index.php?rest_route=\/wp\/v2\/posts"}],"about":[{"href":"https:\/\/www.latempete.info\/index.php?rest_route=\/wp\/v2\/types\/post"}],"author":[{"embeddable":true,"href":"https:\/\/www.latempete.info\/index.php?rest_route=\/wp\/v2\/users\/12"}],"replies":[{"embeddable":true,"href":"https:\/\/www.latempete.info\/index.php?rest_route=%2Fwp%2Fv2%2Fcomments&post=1220"}],"version-history":[{"count":1,"href":"https:\/\/www.latempete.info\/index.php?rest_route=\/wp\/v2\/posts\/1220\/revisions"}],"predecessor-version":[{"id":1221,"href":"https:\/\/www.latempete.info\/index.php?rest_route=\/wp\/v2\/posts\/1220\/revisions\/1221"}],"wp:attachment":[{"href":"https:\/\/www.latempete.info\/index.php?rest_route=%2Fwp%2Fv2%2Fmedia&parent=1220"}],"wp:term":[{"taxonomy":"category","embeddable":true,"href":"https:\/\/www.latempete.info\/index.php?rest_route=%2Fwp%2Fv2%2Fcategories&post=1220"},{"taxonomy":"post_tag","embeddable":true,"href":"https:\/\/www.latempete.info\/index.php?rest_route=%2Fwp%2Fv2%2Ftags&post=1220"}],"curies":[{"name":"wp","href":"https:\/\/api.w.org\/{rel}","templated":true}]}}