{"id":1228,"date":"2014-03-26T10:34:27","date_gmt":"2014-03-26T10:34:27","guid":{"rendered":"http:\/\/latempete.info\/?p=1228"},"modified":"2014-03-26T11:00:46","modified_gmt":"2014-03-26T11:00:46","slug":"dos-santos-mobilise-la-region-contre-les-fdlr-et-adf","status":"publish","type":"post","link":"https:\/\/www.latempete.info\/?p=1228","title":{"rendered":"<!--:fr-->Dos Santos mobilise la r\u00e9gion contre les FDLR et ADF<!--:-->"},"content":{"rendered":"<p><!--:fr--><strong>Sommet de Luanda sur les Grands Lacs<\/strong><br \/>\n<em>Appelant \u00e0 la neutralisation de ces forces dites n\u00e9gatives, le pr\u00e9sident angolais propose m\u00eame le lancement des actions multidisciplinaires sur le plan politique, social et militaire pour mettre fin \u00e0 l&rsquo;instabilit\u00e9<br \/>\n<\/em><br \/>\nLes Chefs d&rsquo;Etat des pays des grands lacs participent au sommet Consacr\u00e9 \u00e0 l&rsquo;\u00e9radication des forces, n\u00e9gatives dans la r\u00e9gion des grands lacs, plus pr\u00e9cis\u00e9ment dans le Kivu, en RD.Congo.<\/p>\n<p>Ces assises qui se d\u00e9roulent \u00e0 Luanda dans la Capitale Angolaise ont condamn\u00e9 hier mardi 25 mars les actions men\u00e9es par les mouvements rebelles dans le Nord-Kivu \u00e0 l&rsquo;Est de la RDC, lesquelles d\u00e9stabilisent le pays. <\/p>\n<p>Le pr\u00e9sident angolais Jos\u00e9 Eduardo dos Santos qui assume depuis le d\u00e9but de cette ann\u00e9e la pr\u00e9sidence de la Conf\u00e9rence internationale pour la r\u00e9gion des grands lacs (CIRGL) a d\u00e9clar\u00e9 \u00e0 l&rsquo;agence France presse (AFP) que \u00a0\u00bb ces incidents n\u00e9fastes doivent \u00eatre contr\u00f4l\u00e9s par les autorit\u00e9s Comp\u00e9tentes afin d&rsquo;\u00e9viter qu&rsquo;ils ne constituent une menace pour la stabilit\u00e9 de notre r\u00e9gion \u00ab\u00a0. <\/p>\n<p>Compte tenu de cette r\u00e9alit\u00e9, le Pr\u00e9sident angolais a appel\u00e9 \u00e0 neutraliser ce qu&rsquo;il a qualifi\u00e9 de \u00a0\u00bb forces n\u00e9gatives \u00a0\u00bb \u00e0 l&rsquo;\u0153uvre dans l&rsquo;Est de la RDC. <\/p>\n<p>Deux d&rsquo;entre elles ont \u00e9t\u00e9 particuli\u00e8rement cibl\u00e9es par le Pr\u00e9sident en exercice de la Conf\u00e9rence internationale pour la r\u00e9gion des grands lacs : l&rsquo;Alliance des forces d\u00e9mocratiques arm\u00e9es nationales de lib\u00e9ration de l&rsquo;Ouganda (ADF NALU) et les Forces d\u00e9mocratiques de lib\u00e9ration du Rwanda (FDLR). Notoires de par leur anciennet\u00e9 sur le terrain, ces forces s&rsquo;av\u00e8rent aussi les plus meurtri\u00e8res.<\/p>\n<p>\u00a0\u00bb Nous devons lancer des actions multidisciplinaires sur le plan politique, social et militaire si cela est n\u00e9cessaire \u00ab\u00a0. Le message du Pr\u00e9sident angolais \u00e0 propos des forces n\u00e9gatives est sans ambig\u00fcit\u00e9,si ces forces tant d\u00e9cri\u00e9s de partout n&rsquo;obtemp\u00e8rent pas \u00e0 l&rsquo;appel leur lanc\u00e9 par les FARDC pour d\u00e9poser les armes. <\/p>\n<p>En plus de l&rsquo;Angola, la RDC, le Congo, l&rsquo;Afrique du Sud, le Rwanda, la Tanzanie et l&rsquo;Ouganda participent au Sommet de Luanda et dont le principal sujet est l&rsquo;\u00e9radication des forces n\u00e9gatives dans la r\u00e9gion des grands lacs. <\/p>\n<p>Une pr\u00e9occupation soulev\u00e9e juste au moment o\u00f9 les Etats-Unis s&rsquo;appr\u00eatent \u00e0 envoyer 150 commandos des Forces sp\u00e9ciales en Ouganda, en appui de ceux qui y sont d\u00e9j\u00e0, pour traquer et arr\u00eater et livrer \u00e0 la CPI Joseph Kony, chef de la LRA.<\/p>\n<p>Il faut noter qu&rsquo;apr\u00e8s le M23, c&rsquo;est \u00e0 pr\u00e9sent le tour des rebelles des FDLR et de l&rsquo;ADF d&rsquo;\u00eatre cibl\u00e9s par les FARDC et la Mission de l&rsquo;ONU pour les neutraliser, en vue de  stabiliser le Congo. Les op\u00e9rations conjointement men\u00e9es dans ce sens ont d\u00e9marr\u00e9 depuis le mois de d\u00e9cembre 2014.<\/p>\n<p>                                                                                                                                                                         Par G.O. <!--:--><\/p>\n","protected":false},"excerpt":{"rendered":"<p>Sommet de Luanda sur les Grands Lacs Appelant \u00e0 la neutralisation de ces forces dites n\u00e9gatives, le pr\u00e9sident angolais propose m\u00eame le lancement des actions multidisciplinaires sur le plan politique, social et militaire pour mettre fin \u00e0 l&rsquo;instabilit\u00e9 Les Chefs d&rsquo;Etat des pays des grands lacs participent au sommet Consacr\u00e9 \u00e0 l&rsquo;\u00e9radication des forces, n\u00e9gatives [&hellip;]<\/p>\n","protected":false},"author":12,"featured_media":1233,"comment_status":"open","ping_status":"open","sticky":false,"template":"","format":"standard","meta":{"footnotes":""},"categories":[136,134,130,5],"tags":[166,165],"class_list":["post-1228","post","type-post","status-publish","format-standard","has-post-thumbnail","hentry","category-a-la-une","category-la-tempete-des-tropiques","category-nation","category-politique","tag-dos-santos-mobilise-la-region-contre-les-fdlr-et-adf","tag-sommet-de-luanda-sur-les-grands-lacs"],"_links":{"self":[{"href":"https:\/\/www.latempete.info\/index.php?rest_route=\/wp\/v2\/posts\/1228"}],"collection":[{"href":"https:\/\/www.latempete.info\/index.php?rest_route=\/wp\/v2\/posts"}],"about":[{"href":"https:\/\/www.latempete.info\/index.php?rest_route=\/wp\/v2\/types\/post"}],"author":[{"embeddable":true,"href":"https:\/\/www.latempete.info\/index.php?rest_route=\/wp\/v2\/users\/12"}],"replies":[{"embeddable":true,"href":"https:\/\/www.latempete.info\/index.php?rest_route=%2Fwp%2Fv2%2Fcomments&post=1228"}],"version-history":[{"count":2,"href":"https:\/\/www.latempete.info\/index.php?rest_route=\/wp\/v2\/posts\/1228\/revisions"}],"predecessor-version":[{"id":1232,"href":"https:\/\/www.latempete.info\/index.php?rest_route=\/wp\/v2\/posts\/1228\/revisions\/1232"}],"wp:featuredmedia":[{"embeddable":true,"href":"https:\/\/www.latempete.info\/index.php?rest_route=\/wp\/v2\/media\/1233"}],"wp:attachment":[{"href":"https:\/\/www.latempete.info\/index.php?rest_route=%2Fwp%2Fv2%2Fmedia&parent=1228"}],"wp:term":[{"taxonomy":"category","embeddable":true,"href":"https:\/\/www.latempete.info\/index.php?rest_route=%2Fwp%2Fv2%2Fcategories&post=1228"},{"taxonomy":"post_tag","embeddable":true,"href":"https:\/\/www.latempete.info\/index.php?rest_route=%2Fwp%2Fv2%2Ftags&post=1228"}],"curies":[{"name":"wp","href":"https:\/\/api.w.org\/{rel}","templated":true}]}}