{"id":1244,"date":"2014-04-02T08:56:38","date_gmt":"2014-04-02T08:56:38","guid":{"rendered":"http:\/\/latempete.info\/?p=1244"},"modified":"2014-04-02T08:56:38","modified_gmt":"2014-04-02T08:56:38","slug":"lunion-europeenne-doit-se-garder-de-faire-le-lit-des-dictatures-naissantes-en-afrique","status":"publish","type":"post","link":"https:\/\/www.latempete.info\/?p=1244","title":{"rendered":"<!--:fr-->L&rsquo;Union europ\u00e9enne doit se garder de faire le lit des dictatures naissantes en Afrique !<!--:-->"},"content":{"rendered":"<p><!--:fr--><strong>Ouverture ce jeudi \u00e0 Bruxelles du 4\u00e8me sommet euro-africain sur la coop\u00e9ration au d\u00e9veloppement<\/strong><em><br \/>\nDes millions d&rsquo;Africains tr\u00e8s pauvres ne sentent aucun effet de milliards d&rsquo;Euros accord\u00e9s \u00e0 leurs pays au titre d&rsquo;aide au d\u00e9veloppement depuis de longues d\u00e9cennies<\/em><\/p>\n<p>Le 4\u00e8me sommet euro-africain sur la coop\u00e9ration au d\u00e9veloppement international va s&rsquo;ouvrir ce jeudi 3 avril \u00e0 Bruxelles. Ce sommet dont la cl\u00f4ture est pr\u00e9vue ce vendredi 4 avril conna\u00eetra la participation de nombreux dirigeants europ\u00e9ens et africains dont des chefs d&rsquo;Etat et de gouvernement ainsi que de hauts responsables des instruments de l&rsquo;Union europ\u00e9enne et de l&rsquo;Union africaine.<br \/>\nLe th\u00e8me central de cet important forum sera, nous citons : \u00a0\u00bb Investir dans les personnes pour la prosp\u00e9rit\u00e9 et pour la paix \u00ab\u00a0. <\/p>\n<p>Pendant deux jours, les participants discuteront des sujets variant du tout au tout dont la paix, la s\u00e9curit\u00e9, les investissements, les changements climatiques et les migrations.<\/p>\n<p>Certaines questions sp\u00e9cifiques ayant trait \u00e0 l&rsquo;\u00e9ducation et \u00e0 la formation, aux femmes et aux jeunes feront l&rsquo;objet d&rsquo;une attention particuli\u00e8re au cours des d\u00e9bats.<\/p>\n<p>S&rsquo;agissant de la question relative aux d\u00e9placements de personnes entre les pays europ\u00e9ens et africains, le sommet se penchera sur les flux migratoires l\u00e9gaux et clandestins et leurs cons\u00e9quences.<\/p>\n<p>En ce qui concerne le volet \u00e9conomique \u00e0 aborder au cours des assises, il sera question notamment de r\u00e9fl\u00e9chir sur les voies et moyens de cr\u00e9er des emplois pour les jeunes (moyen de lutter contre les migrations clandestines) et de  stimuler la croissance en mettant un accent particulier sur l&rsquo;investissement en faveur de la paix.<\/p>\n<p>Strat\u00e9gie UE-Afrique\u2026<\/p>\n<p>Enfin, les participants \u00e0 ce 4\u00e8me sommet euro-africain aborderont la question cruciale ayant trait aux diff\u00e9rentes mani\u00e8res \u00e0 envisager en vue de renforcer l&rsquo;aide apport\u00e9e par l&rsquo;Union europ\u00e9enne pour d\u00e9velopper les capacit\u00e9s dont dispose le continent africain dans le cadre de la gestion de la s\u00e9curit\u00e9 sur son territoire, rapporte-t-on !<\/p>\n<p>On rappelle dans les milieux de l&rsquo;Union europ\u00e9enne \u00e0 Kinshasa et \u00e0 Bruxelles que \u00a0\u00bb les relations entre l&rsquo;Union europ\u00e9enne et l&rsquo;Afrique sont fond\u00e9es en grande partie sur la strat\u00e9gie commune Union europ\u00e9enne-Afrique adopt\u00e9e en 2007.<\/p>\n<p>Il est indiqu\u00e9 par ailleurs que parall\u00e8lement \u00e0 cette strat\u00e9gie, un plan d&rsquo;action pour la p\u00e9riode 2011-2013 avait \u00e9t\u00e9 approuv\u00e9 lors du dernier sommet Union europ\u00e9enne-Afrique en 2010. Celui-ci fixait des objectifs concrets dans des domaines de coop\u00e9ration pr\u00e9cis, tels que la paix et la s\u00e9curit\u00e9, la gouvernance d\u00e9mocratique et les droits de l&rsquo;homme.<\/p>\n<p>On pense g\u00e9n\u00e9ralement que le 4\u00e8me sommet qui s&rsquo;ouvre demain \u00e0 Bruxelles (Belgique) sera une occasion \u00e0 point  nomm\u00e9 pour jeter un regard tr\u00e8s critique sur le partenariat Union europ\u00e9enne-Afrique et mettre  en  avant certaines des r\u00e9sultats obtenus et, enfin, pour \u00e9tudier de nouveaux domaines de coop\u00e9ration \u00e0 explorer dans un proche avenir.<\/p>\n<p>C&rsquo;est ici le lieu de rappeler que la commission de l&rsquo;Union africaine avait appel\u00e9 en juin 2013 \u00e0 l&rsquo;organisation d&rsquo;une r\u00e9union de r\u00e9flexion avec les principales parties prenantes  africaines pour discuter de la fa\u00e7on dont ils envisagent l&rsquo;avenir de ces relations. <\/p>\n<p>La r\u00e9union s&rsquo;\u00e9tait tenue \u00e0 Zanzibar, en Tanzanie, avec la participation de 15 Etats membres du comit\u00e9 de suivi du Dialogue Afrique-Union europ\u00e9enne, des CER, de la soci\u00e9t\u00e9 civile et de diff\u00e9rents d\u00e9partements de la commission de l&rsquo;Union africaine, y compris la Mission permanente de l&rsquo;Union africaine \u00e0 Bruxelles.<\/p>\n<p>Le comit\u00e9 de suivi du dialogue Afrique Union europ\u00e9enne s&rsquo;\u00e9tait r\u00e9uni le 28 juin 2013 \u00e0 Addis-Abeba en Ethiopie.<\/p>\n<p>Une question pour le 4\u00e8me sommet euro-africain !<\/p>\n<p>Comme on peut le constater, l&rsquo;Union europ\u00e9enne abat un \u00e9norme travail sur le continent et ne manque pas d&rsquo;ambitions mais dans quelle mesure son action contribue r\u00e9ellement \u00e0 aider les africains \u00e0 traverser leur immense oc\u00e9an de pauvret\u00e9 ?<\/p>\n<p>Au cours de dix derni\u00e8res ann\u00e9es, ce grand ensemble du vieux monde avait englouti pr\u00e8s de deux milliards d&rsquo;Euros dans des programmes d&rsquo;aide au d\u00e9veloppement en R\u00e9publique d\u00e9mocratique du Congo, mais l&rsquo;eau potable continue de manquer cruellement dans ce pays !<\/p>\n<p>Au cours de la d\u00e9cennie de d\u00e9veloppement qui vient de commencer dans ce pays, l&rsquo;Union europ\u00e9enne compte intervenir de nouveau avec pr\u00e8s de 700 millions d&rsquo;euros, mais pour quels r\u00e9sultats ?<\/p>\n<p>Pendant ce temps des r\u00e9gimes dictatoriaux sont en train de na\u00eetre et de se consolider en Afrique pour profiter impun\u00e9ment des milliards d&rsquo;euros que l&rsquo;Union europ\u00e9enne se pr\u00e9pare \u00e0 verser dans ces pays pour des r\u00e9alisations que ces r\u00e9gimes mettent \u00e0 leur actif pour continuer \u00e0 dominer  leurs peuples respectifs !<\/p>\n<p>Il s&rsquo;agit l\u00e0 d&rsquo;une opinion largement partag\u00e9e par des millions d&rsquo;Africains qui s&rsquo;interrogent sur l&rsquo;efficacit\u00e9 de l&rsquo;aide dispens\u00e9e par l&rsquo;Union europ\u00e9enne dans leurs pays respectifs. Le 4\u00e8me sommet euro-africain qui s&rsquo;ouvre ce jeudi \u00e0 Bruxelles peut-il inscrire \u00e0 son ordre du jour la question soulev\u00e9e par cette opinion ?<\/p>\n<p>                                                                                                                                                 Par Kambale Mutogherwa<br \/>\n<!--:--><\/p>\n","protected":false},"excerpt":{"rendered":"<p>Ouverture ce jeudi \u00e0 Bruxelles du 4\u00e8me sommet euro-africain sur la coop\u00e9ration au d\u00e9veloppement Des millions d&rsquo;Africains tr\u00e8s pauvres ne sentent aucun effet de milliards d&rsquo;Euros accord\u00e9s \u00e0 leurs pays au titre d&rsquo;aide au d\u00e9veloppement depuis de longues d\u00e9cennies Le 4\u00e8me sommet euro-africain sur la coop\u00e9ration au d\u00e9veloppement international va s&rsquo;ouvrir ce jeudi 3 avril [&hellip;]<\/p>\n","protected":false},"author":12,"featured_media":1245,"comment_status":"open","ping_status":"open","sticky":false,"template":"","format":"standard","meta":{"footnotes":""},"categories":[46,4,134],"tags":[],"class_list":["post-1244","post","type-post","status-publish","format-standard","has-post-thumbnail","hentry","category-analyses","category-forum","category-la-tempete-des-tropiques"],"_links":{"self":[{"href":"https:\/\/www.latempete.info\/index.php?rest_route=\/wp\/v2\/posts\/1244"}],"collection":[{"href":"https:\/\/www.latempete.info\/index.php?rest_route=\/wp\/v2\/posts"}],"about":[{"href":"https:\/\/www.latempete.info\/index.php?rest_route=\/wp\/v2\/types\/post"}],"author":[{"embeddable":true,"href":"https:\/\/www.latempete.info\/index.php?rest_route=\/wp\/v2\/users\/12"}],"replies":[{"embeddable":true,"href":"https:\/\/www.latempete.info\/index.php?rest_route=%2Fwp%2Fv2%2Fcomments&post=1244"}],"version-history":[{"count":1,"href":"https:\/\/www.latempete.info\/index.php?rest_route=\/wp\/v2\/posts\/1244\/revisions"}],"predecessor-version":[{"id":1246,"href":"https:\/\/www.latempete.info\/index.php?rest_route=\/wp\/v2\/posts\/1244\/revisions\/1246"}],"wp:featuredmedia":[{"embeddable":true,"href":"https:\/\/www.latempete.info\/index.php?rest_route=\/wp\/v2\/media\/1245"}],"wp:attachment":[{"href":"https:\/\/www.latempete.info\/index.php?rest_route=%2Fwp%2Fv2%2Fmedia&parent=1244"}],"wp:term":[{"taxonomy":"category","embeddable":true,"href":"https:\/\/www.latempete.info\/index.php?rest_route=%2Fwp%2Fv2%2Fcategories&post=1244"},{"taxonomy":"post_tag","embeddable":true,"href":"https:\/\/www.latempete.info\/index.php?rest_route=%2Fwp%2Fv2%2Ftags&post=1244"}],"curies":[{"name":"wp","href":"https:\/\/api.w.org\/{rel}","templated":true}]}}