{"id":12559,"date":"2016-02-03T09:39:48","date_gmt":"2016-02-03T09:39:48","guid":{"rendered":"http:\/\/www.latempete.info\/?p=12559"},"modified":"2016-02-03T09:39:48","modified_gmt":"2016-02-03T09:39:48","slug":"cpi-le-verdict-du-proces-de-jp-bemba-attendu-le-31-mars-prochain-par-nt","status":"publish","type":"post","link":"https:\/\/www.latempete.info\/?p=12559","title":{"rendered":"CPI : le verdict du proc\u00e8s de JP Bemba attendu le 31 mars prochain Par NT"},"content":{"rendered":"<p style=\"text-align: justify;\">La Cour P\u00e9nale Internationale (CPI) a annonc\u00e9 hier mardi qu&rsquo;elle rendra son verdict dans l&rsquo;affaire de Jean-Pierre Bemba le 31 mars prochain.<\/p>\n<p style=\"text-align: justify;\">L&rsquo;ancien vice pr\u00e9sident de la R\u00e9publique d\u00e9mocratique du Congo (2003-2006) est accus\u00e9 par le procureur de la CPI d&rsquo;\u00eatre p\u00e9nalement responsable des crimes de guerre et crimes contre l&rsquo;humanit\u00e9 commis par sa milice en 2002 et 2003 en R\u00e9publique Centrafricaine , o\u00f9 elle \u00e9tait all\u00e9e secourir le pr\u00e9sident centrafricain de l&rsquo;\u00e9poque, Ange F\u00e9lix Patass\u00e9.<\/p>\n<p style=\"text-align: justify;\">Arr\u00eat\u00e9 en 2007 en Belgique, puis transf\u00e9r\u00e9 \u00e0 la Haye aux Pays Bas, si\u00e8ge de la CPI, Jean-Pierre Bemba Gombo s&rsquo;y trouve en d\u00e9tention pr\u00e9ventive depuis 8 ans et demi.<\/p>\n<p style=\"text-align: justify;\">Son proc\u00e8s a pris fin depuis plus de 8 mois. Le prisonnier Bemba subit une attente insoutenable de son verdict.<\/p>\n<p style=\"text-align: justify;\">Il sera soit reconnu coupable et condamn\u00e9 pour les faits qui lui sont reproch\u00e9s, soit d\u00e9clar\u00e9s non coupables par manque de preuves suffisantes et lib\u00e9r\u00e9. S&rsquo;il est condamn\u00e9 \u00e0 une peine d&#8217;emprisonnement \u00e9gale ou inf\u00e9rieure \u00e0 la dur\u00e9e de sa d\u00e9tention pr\u00e9ventive, il sera alors lib\u00e9r\u00e9.<\/p>\n<p style=\"text-align: justify;\">Par NT<\/p>\n","protected":false},"excerpt":{"rendered":"<p>La Cour P\u00e9nale Internationale (CPI) a annonc\u00e9 hier mardi qu&rsquo;elle rendra son verdict dans l&rsquo;affaire de Jean-Pierre Bemba le 31 mars prochain. L&rsquo;ancien vice pr\u00e9sident de la R\u00e9publique d\u00e9mocratique du Congo (2003-2006) est accus\u00e9 par le procureur de la CPI d&rsquo;\u00eatre p\u00e9nalement responsable des crimes de guerre et crimes contre l&rsquo;humanit\u00e9 commis par sa milice [&hellip;]<\/p>\n","protected":false},"author":1,"featured_media":12560,"comment_status":"open","ping_status":"open","sticky":false,"template":"","format":"standard","meta":{"footnotes":""},"categories":[136,134,130,5],"tags":[],"class_list":["post-12559","post","type-post","status-publish","format-standard","has-post-thumbnail","hentry","category-a-la-une","category-la-tempete-des-tropiques","category-nation","category-politique"],"_links":{"self":[{"href":"https:\/\/www.latempete.info\/index.php?rest_route=\/wp\/v2\/posts\/12559"}],"collection":[{"href":"https:\/\/www.latempete.info\/index.php?rest_route=\/wp\/v2\/posts"}],"about":[{"href":"https:\/\/www.latempete.info\/index.php?rest_route=\/wp\/v2\/types\/post"}],"author":[{"embeddable":true,"href":"https:\/\/www.latempete.info\/index.php?rest_route=\/wp\/v2\/users\/1"}],"replies":[{"embeddable":true,"href":"https:\/\/www.latempete.info\/index.php?rest_route=%2Fwp%2Fv2%2Fcomments&post=12559"}],"version-history":[{"count":1,"href":"https:\/\/www.latempete.info\/index.php?rest_route=\/wp\/v2\/posts\/12559\/revisions"}],"predecessor-version":[{"id":12561,"href":"https:\/\/www.latempete.info\/index.php?rest_route=\/wp\/v2\/posts\/12559\/revisions\/12561"}],"wp:featuredmedia":[{"embeddable":true,"href":"https:\/\/www.latempete.info\/index.php?rest_route=\/wp\/v2\/media\/12560"}],"wp:attachment":[{"href":"https:\/\/www.latempete.info\/index.php?rest_route=%2Fwp%2Fv2%2Fmedia&parent=12559"}],"wp:term":[{"taxonomy":"category","embeddable":true,"href":"https:\/\/www.latempete.info\/index.php?rest_route=%2Fwp%2Fv2%2Fcategories&post=12559"},{"taxonomy":"post_tag","embeddable":true,"href":"https:\/\/www.latempete.info\/index.php?rest_route=%2Fwp%2Fv2%2Ftags&post=12559"}],"curies":[{"name":"wp","href":"https:\/\/api.w.org\/{rel}","templated":true}]}}