{"id":12691,"date":"2016-02-10T10:43:25","date_gmt":"2016-02-10T10:43:25","guid":{"rendered":"http:\/\/www.latempete.info\/?p=12691"},"modified":"2016-02-10T10:43:25","modified_gmt":"2016-02-10T10:43:25","slug":"matampi-vumi-ley-fete-a-kasa-vubu","status":"publish","type":"post","link":"https:\/\/www.latempete.info\/?p=12691","title":{"rendered":"Matampi Vumi Ley f\u00eat\u00e9 \u00e0 Kasa-Vubu"},"content":{"rendered":"<p style=\"text-align: justify;\">Matampi Vumbi Ley, le portier de l&rsquo;\u00e9quipe nationale du football de la R\u00e9publique d\u00e9mocratique du Congo, est f\u00eat\u00e9 par sa famille biologique ainsi que ses proches et autres fans, dans la commune de Kasa-Vubu, depuis le sacre des L\u00e9opards, le 7 f\u00e9vrier dernier, \u00e0 Kigali, dans le cadre de la 4\u00e8me \u00e9dition du Championnat d&rsquo;Afrique des nations o\u00f9 la RDC est championne.<\/p>\n<p style=\"text-align: justify;\">Le gardien du Daring Club Motema Pembe (DCMP) qui est devenu tout un symbole pour la jeunesse congolaise, a \u00e9norm\u00e9ment particip\u00e9 \u00e0 la victoire des L\u00e9opards lors de diff\u00e9rentes \u00e9tapes, surtout face \u00e0 la Guin\u00e9e Equatoriale pendant les s\u00e9ances de tirs au but, au cours de laquelle il a arr\u00eat\u00e9 trois penalties, propulsant ainsi les Congolais en finale de cette comp\u00e9tition.<\/p>\n<p style=\"text-align: justify;\">D\u00e9sign\u00e9 Homme du match dans la rencontre face \u00e0 l&rsquo;\u00e9quipe guin\u00e9enne, Matampi Vumi Ley qui a fait preuve de nombreuses prouesses, risque m\u00eame de remplacer le portier maison des L\u00e9opards s\u00e9niors \u00e9quipe A, au regard de ses performances.<\/p>\n<p style=\"text-align: justify;\">Le coach Florent Ibenge peut donc se rassurer de la s\u00e9curit\u00e9 des L\u00e9opards sur le plan d\u00e9fensif, principalement en ce qui concerne le poteau.<\/p>\n<p style=\"text-align: justify;\">Par Julie Muadi<\/p>\n","protected":false},"excerpt":{"rendered":"<p>Matampi Vumbi Ley, le portier de l&rsquo;\u00e9quipe nationale du football de la R\u00e9publique d\u00e9mocratique du Congo, est f\u00eat\u00e9 par sa famille biologique ainsi que ses proches et autres fans, dans la commune de Kasa-Vubu, depuis le sacre des L\u00e9opards, le 7 f\u00e9vrier dernier, \u00e0 Kigali, dans le cadre de la 4\u00e8me \u00e9dition du Championnat d&rsquo;Afrique [&hellip;]<\/p>\n","protected":false},"author":1,"featured_media":12692,"comment_status":"open","ping_status":"open","sticky":false,"template":"","format":"standard","meta":{"footnotes":""},"categories":[43,134,6],"tags":[954,953],"class_list":["post-12691","post","type-post","status-publish","format-standard","has-post-thumbnail","hentry","category-foot","category-la-tempete-des-tropiques","category-sport","tag-matampi-vumbi-ley","tag-matampy-ley-de-kasa-vubu"],"_links":{"self":[{"href":"https:\/\/www.latempete.info\/index.php?rest_route=\/wp\/v2\/posts\/12691"}],"collection":[{"href":"https:\/\/www.latempete.info\/index.php?rest_route=\/wp\/v2\/posts"}],"about":[{"href":"https:\/\/www.latempete.info\/index.php?rest_route=\/wp\/v2\/types\/post"}],"author":[{"embeddable":true,"href":"https:\/\/www.latempete.info\/index.php?rest_route=\/wp\/v2\/users\/1"}],"replies":[{"embeddable":true,"href":"https:\/\/www.latempete.info\/index.php?rest_route=%2Fwp%2Fv2%2Fcomments&post=12691"}],"version-history":[{"count":1,"href":"https:\/\/www.latempete.info\/index.php?rest_route=\/wp\/v2\/posts\/12691\/revisions"}],"predecessor-version":[{"id":12693,"href":"https:\/\/www.latempete.info\/index.php?rest_route=\/wp\/v2\/posts\/12691\/revisions\/12693"}],"wp:featuredmedia":[{"embeddable":true,"href":"https:\/\/www.latempete.info\/index.php?rest_route=\/wp\/v2\/media\/12692"}],"wp:attachment":[{"href":"https:\/\/www.latempete.info\/index.php?rest_route=%2Fwp%2Fv2%2Fmedia&parent=12691"}],"wp:term":[{"taxonomy":"category","embeddable":true,"href":"https:\/\/www.latempete.info\/index.php?rest_route=%2Fwp%2Fv2%2Fcategories&post=12691"},{"taxonomy":"post_tag","embeddable":true,"href":"https:\/\/www.latempete.info\/index.php?rest_route=%2Fwp%2Fv2%2Ftags&post=12691"}],"curies":[{"name":"wp","href":"https:\/\/api.w.org\/{rel}","templated":true}]}}