{"id":12773,"date":"2016-02-15T12:30:30","date_gmt":"2016-02-15T12:30:30","guid":{"rendered":"http:\/\/www.latempete.info\/?p=12773"},"modified":"2016-02-15T12:30:30","modified_gmt":"2016-02-15T12:30:30","slug":"13-fevrier-2014-13-fevrier-2016-king-kester-emeneya-oublie-deux-ans-seulement-apres-sa-mort","status":"publish","type":"post","link":"https:\/\/www.latempete.info\/?p=12773","title":{"rendered":"13 f\u00e9vrier 2014 &#8211; 13 f\u00e9vrier 2016 : King Kester Emeneya oubli\u00e9, deux ans seulement apr\u00e8s sa mort !"},"content":{"rendered":"<p style=\"text-align: justify;\">Jean Emeneya Mubiala, connu sous le sobriquet de King Kester Emeneya Muntu A Zamani, a totalis\u00e9, samedi 13 f\u00e9vrier 2016, deux ans depuis qu&rsquo;il a quitt\u00e9 la terre des hommes.<\/p>\n<p style=\"text-align: justify;\">Mais cet anniversaire douloureux est pass\u00e9 dans la m\u00e9ditation la plus totale \u00e0 Kinshasa o\u00f9 aucune manifestation officielle n&rsquo;a \u00e9t\u00e9 organis\u00e9e par les autorit\u00e9s de tutelle, du moins sur le plan artistique. Comme tous les grands qui l&rsquo;ont pr\u00e9c\u00e9d\u00e9 dans l&rsquo;au-del\u00e0, \u00e0 l&rsquo;instar de Pepe Kale, Al Pacino, Alain Moloto, Lengi Lenga, Dindo Yogo\u2026 Le Roi de Masatomo est vite oubli\u00e9, malgr\u00e9 son passage tr\u00e8s remarqu\u00e9 sur cette terre.<\/p>\n<p style=\"text-align: justify;\">Outre un concert isol\u00e9, non m\u00e9diatis\u00e9 d&rsquo;ailleurs, livr\u00e9 le m\u00eame samedi par une de nombreuses branches de Victoria Ele\u00efson sur la place Victoire o\u00f9 une soci\u00e9t\u00e9 brassicole a \u00e9rig\u00e9 son podium, ainsi que le d\u00e9placement des L\u00e9opards de la sape pour le cimeti\u00e8re N\u00e9cropole Entre Terre et Ciel o\u00f9 repose Kester, rien n&rsquo;a \u00e9t\u00e9 signal\u00e9 dans le sens de rendre hommage \u00e0 l&rsquo;illustre disparu.<\/p>\n<p style=\"text-align: justify;\">Joly Mubiala, le fr\u00e8re cadet de King, autoproclam\u00e9 \u00a0\u00bb descendant testamentaire et h\u00e9ritier biologique de Victoria Ele\u00efson \u00ab\u00a0, n&rsquo;a pas effectu\u00e9 le d\u00e9placement de Kinshasa pour c\u00e9l\u00e9brer cet \u00e9v\u00e8nement. On ignore si la famille biologique a organis\u00e9 ne f\u00fbt-ce qu&rsquo;une messe de suffrage en m\u00e9moire de cette grosse pointure de la musique congolaise dont les \u0153uvres resteront \u00e0 jamais inoubliables.<\/p>\n<p style=\"text-align: justify;\">Selon des sources, Patou Ziana, l&rsquo;un des lieutenants de Kwa Ngolo Zonso lui rest\u00e9 fid\u00e8le jusqu&rsquo;au dernier jour, avait promis de livrer un concert hier dimanche 14 f\u00e9vrier 2016, quelque part \u00e0 Kinshasa. Nul ne sait si ce rendez-vous a eu lieu. Surtout qu&rsquo;il y a peu, le m\u00eame Patou Ziana s&rsquo;\u00e9tait converti en musicien chr\u00e9tien.<\/p>\n<p style=\"text-align: justify;\">L&rsquo;opinion se demande si Emeneya est d\u00e9j\u00e0 oubli\u00e9, malgr\u00e9 toutes les belles m\u00e9lodies qu&rsquo;il a chant\u00e9es pour faire plaisir aussi bien aux Congolais qu&rsquo;aux Africains, pourquoi pas \u00e0 l&rsquo;humanit\u00e9 enti\u00e8re. Surtout que l&rsquo;artiste a eu \u00e0 faire des featurings avec de grandes stars de la musique de cette plan\u00e8te \u00e0 l&rsquo;instar de Jacob Desvarieux du groupe Kassav.<\/p>\n<p style=\"text-align: justify;\">Par LM<\/p>\n","protected":false},"excerpt":{"rendered":"<p>Jean Emeneya Mubiala, connu sous le sobriquet de King Kester Emeneya Muntu A Zamani, a totalis\u00e9, samedi 13 f\u00e9vrier 2016, deux ans depuis qu&rsquo;il a quitt\u00e9 la terre des hommes. Mais cet anniversaire douloureux est pass\u00e9 dans la m\u00e9ditation la plus totale \u00e0 Kinshasa o\u00f9 aucune manifestation officielle n&rsquo;a \u00e9t\u00e9 organis\u00e9e par les autorit\u00e9s de [&hellip;]<\/p>\n","protected":false},"author":1,"featured_media":12774,"comment_status":"open","ping_status":"open","sticky":false,"template":"","format":"standard","meta":{"footnotes":""},"categories":[8,134,29],"tags":[],"class_list":["post-12773","post","type-post","status-publish","format-standard","has-post-thumbnail","hentry","category-culture-media","category-la-tempete-des-tropiques","category-musique"],"_links":{"self":[{"href":"https:\/\/www.latempete.info\/index.php?rest_route=\/wp\/v2\/posts\/12773"}],"collection":[{"href":"https:\/\/www.latempete.info\/index.php?rest_route=\/wp\/v2\/posts"}],"about":[{"href":"https:\/\/www.latempete.info\/index.php?rest_route=\/wp\/v2\/types\/post"}],"author":[{"embeddable":true,"href":"https:\/\/www.latempete.info\/index.php?rest_route=\/wp\/v2\/users\/1"}],"replies":[{"embeddable":true,"href":"https:\/\/www.latempete.info\/index.php?rest_route=%2Fwp%2Fv2%2Fcomments&post=12773"}],"version-history":[{"count":1,"href":"https:\/\/www.latempete.info\/index.php?rest_route=\/wp\/v2\/posts\/12773\/revisions"}],"predecessor-version":[{"id":12775,"href":"https:\/\/www.latempete.info\/index.php?rest_route=\/wp\/v2\/posts\/12773\/revisions\/12775"}],"wp:featuredmedia":[{"embeddable":true,"href":"https:\/\/www.latempete.info\/index.php?rest_route=\/wp\/v2\/media\/12774"}],"wp:attachment":[{"href":"https:\/\/www.latempete.info\/index.php?rest_route=%2Fwp%2Fv2%2Fmedia&parent=12773"}],"wp:term":[{"taxonomy":"category","embeddable":true,"href":"https:\/\/www.latempete.info\/index.php?rest_route=%2Fwp%2Fv2%2Fcategories&post=12773"},{"taxonomy":"post_tag","embeddable":true,"href":"https:\/\/www.latempete.info\/index.php?rest_route=%2Fwp%2Fv2%2Ftags&post=12773"}],"curies":[{"name":"wp","href":"https:\/\/api.w.org\/{rel}","templated":true}]}}