{"id":12867,"date":"2016-02-24T10:35:26","date_gmt":"2016-02-24T10:35:26","guid":{"rendered":"http:\/\/www.latempete.info\/?p=12867"},"modified":"2016-02-24T10:35:26","modified_gmt":"2016-02-24T10:35:26","slug":"les-kinois-appeles-a-riposter-contre-les-coupures-de-lelectricite","status":"publish","type":"post","link":"https:\/\/www.latempete.info\/?p=12867","title":{"rendered":"Les Kinois appel\u00e9s \u00e0 riposter contre les coupures de l\u2019\u00e9lectricit\u00e9"},"content":{"rendered":"<p style=\"text-align: justify;\">Des sources concordantes affirment que, depuis quelques jours, le d\u00e9put\u00e9 national Cl\u00e9ment Kanku Bukassa est en train de sensibiliser les citoyens congolais sur leurs droits, notamment celui d\u2019avoir le courant \u00e9lectrique.<\/p>\n<p style=\"text-align: justify;\">Selon ces sources, l\u2019\u00e9lu du peuple a pr\u00e9vu d\u2019organiser une campagne de sensibilisation \u00e0 travers la ville province de Kinshasa, pour demander aux abonn\u00e9s de la Soci\u00e9t\u00e9 nationale d\u2019\u00e9lectricit\u00e9 (SNEL), victimes de coupures intempestives de l\u2019\u00e9lectricit\u00e9, de se mettre \u00e0 siffler chaque vendredi pendant 5 minutes.<\/p>\n<p style=\"text-align: justify;\">Cette campagne sera lanc\u00e9e ce vendredi 26 f\u00e9vrier \u00e0 Kinshasa.<\/p>\n<p style=\"text-align: justify;\">Elle ne prendra fin que lorsque la SNEL aura commenc\u00e9 \u00e0 fournir r\u00e9guli\u00e8rement l\u2019\u00e9nergie \u00e9lectrique aux habitants de la capitale congolaise.<\/p>\n<p style=\"text-align: justify;\"><em><strong>D\u00e9poser une motion \u00e0 l\u2019Assembl\u00e9e nationale<\/strong><\/em><\/p>\n<p style=\"text-align: justify;\">Les coupures intempestives de l\u2019\u00e9lectricit\u00e9 perturbent le cours normal de la vie des Kinoises et Kinois. Ces derniers ne peuvent pas passer une journ\u00e9e ou une nuit enti\u00e8re sans voir le courant \u00e9lectrique coup\u00e9 pendant des longues heures, de fois pendant des jours sans \u00eatre r\u00e9tabli.<\/p>\n<p style=\"text-align: justify;\">Ainsi, le d\u00e9put\u00e9 national Cl\u00e9ment Kanku Bukassa est d\u00e9cid\u00e9 \u00e0 d\u00e9poser une motion contre la direction g\u00e9n\u00e9rale de la SNEL ou contre le ministre de tutelle, ou encore contre le Premier ministre, Matata Ponyo lui-m\u00eame, \u00e0 raison de son indiff\u00e9rence et de sa n\u00e9gligence av\u00e9r\u00e9e face \u00e0 cette situation dramatique.<\/p>\n<p style=\"text-align: justify;\">Par Lucien Kazadi T.<\/p>\n","protected":false},"excerpt":{"rendered":"<p>Des sources concordantes affirment que, depuis quelques jours, le d\u00e9put\u00e9 national Cl\u00e9ment Kanku Bukassa est en train de sensibiliser les citoyens congolais sur leurs droits, notamment celui d\u2019avoir le courant \u00e9lectrique. Selon ces sources, l\u2019\u00e9lu du peuple a pr\u00e9vu d\u2019organiser une campagne de sensibilisation \u00e0 travers la ville province de Kinshasa, pour demander aux abonn\u00e9s [&hellip;]<\/p>\n","protected":false},"author":1,"featured_media":12868,"comment_status":"open","ping_status":"open","sticky":false,"template":"","format":"standard","meta":{"footnotes":""},"categories":[134,5,25],"tags":[],"class_list":["post-12867","post","type-post","status-publish","format-standard","has-post-thumbnail","hentry","category-la-tempete-des-tropiques","category-politique","category-province"],"_links":{"self":[{"href":"https:\/\/www.latempete.info\/index.php?rest_route=\/wp\/v2\/posts\/12867"}],"collection":[{"href":"https:\/\/www.latempete.info\/index.php?rest_route=\/wp\/v2\/posts"}],"about":[{"href":"https:\/\/www.latempete.info\/index.php?rest_route=\/wp\/v2\/types\/post"}],"author":[{"embeddable":true,"href":"https:\/\/www.latempete.info\/index.php?rest_route=\/wp\/v2\/users\/1"}],"replies":[{"embeddable":true,"href":"https:\/\/www.latempete.info\/index.php?rest_route=%2Fwp%2Fv2%2Fcomments&post=12867"}],"version-history":[{"count":1,"href":"https:\/\/www.latempete.info\/index.php?rest_route=\/wp\/v2\/posts\/12867\/revisions"}],"predecessor-version":[{"id":12869,"href":"https:\/\/www.latempete.info\/index.php?rest_route=\/wp\/v2\/posts\/12867\/revisions\/12869"}],"wp:featuredmedia":[{"embeddable":true,"href":"https:\/\/www.latempete.info\/index.php?rest_route=\/wp\/v2\/media\/12868"}],"wp:attachment":[{"href":"https:\/\/www.latempete.info\/index.php?rest_route=%2Fwp%2Fv2%2Fmedia&parent=12867"}],"wp:term":[{"taxonomy":"category","embeddable":true,"href":"https:\/\/www.latempete.info\/index.php?rest_route=%2Fwp%2Fv2%2Fcategories&post=12867"},{"taxonomy":"post_tag","embeddable":true,"href":"https:\/\/www.latempete.info\/index.php?rest_route=%2Fwp%2Fv2%2Ftags&post=12867"}],"curies":[{"name":"wp","href":"https:\/\/api.w.org\/{rel}","templated":true}]}}