{"id":12870,"date":"2016-02-25T08:59:14","date_gmt":"2016-02-25T08:59:14","guid":{"rendered":"http:\/\/www.latempete.info\/?p=12870"},"modified":"2016-02-25T08:59:14","modified_gmt":"2016-02-25T08:59:14","slug":"deux-militants-de-la-lucha-transferes-a-la-prison-centrale-de-makala","status":"publish","type":"post","link":"https:\/\/www.latempete.info\/?p=12870","title":{"rendered":"Deux militants de la LUCHA transf\u00e9r\u00e9s \u00e0 la prison centrale de Makala"},"content":{"rendered":"<p style=\"text-align: justify;\">Le Mouvement Citoyen Lutte pour le Changement (LUCHA) annonce dans un communiqu\u00e9 le transfert \u00e0 la prison centrale de Makala de ces deux militants, Bienvenu Matumo et H\u00e9ritier Kapitene le mardi 22 f\u00e9vrier dernier.<\/p>\n<p style=\"text-align: justify;\">Les deux militants , avec un autre jeune r\u00e9pondant au nom de Victor Tesongo, avaient \u00e9t\u00e9 enlev\u00e9s par les services de s\u00e9curit\u00e9 dans la matin\u00e9e de mardi 16 f\u00e9vrier 2016 ,jour de la Journ\u00e9e villes-mortes, dans la commune de Bandalungwa, puis d\u00e9tenus au secret pendant quatre jours, avant d&rsquo;\u00eatre finalement pr\u00e9sent\u00e9s au parquet de Kinshasa-Gombe le soir de vendredi 19 f\u00e9vrier 2016, note LUCHA.<\/p>\n<p style=\"text-align: justify;\">Contact\u00e9s par plusieurs organisations de d\u00e9fense des droits de l&rsquo;Homme et par les m\u00e9dias, l&rsquo;Administrateur G\u00e9n\u00e9ral de l&rsquo;ANR Kalev Mutond, le Commissaire de la Police nationale congolaise pour la ville de Kinshasa, le G\u00e9n\u00e9ral Kanyama, ainsi que le porte-parole du gouvernement Lambert Mende, avaient tous ni\u00e9 avoir enlev\u00e9, arr\u00eat\u00e9, ou d\u00e9tenir les deux activistes. Le G\u00e9n\u00e9ral Kanyama avait m\u00eame affirm\u00e9 \u00e0 Jeune Afrique que les services de s\u00e9curit\u00e9 n&rsquo;avaient \u00ab\u00a0aucune raison d&rsquo;arr\u00eater ces jeunes, car il n&rsquo;y avait eu aucune manifestation \u00e0 Kinshasa le 16 f\u00e9vrier.<\/p>\n<p style=\"text-align: justify;\">Curieusement, c&rsquo;est l&rsquo;ANR qui les a pr\u00e9sent\u00e9s au parquet vendredi 19 f\u00e9vrier en fin de journ\u00e9e, en les accusant de \u00ab\u00a0propagation de fausses nouvelles\u00a0\u00bb, \u00ab\u00a0incitation \u00e0 la r\u00e9volte\u00a0\u00bb, et \u00ab\u00a0atteinte \u00e0 la s\u00fbret\u00e9 de l&rsquo;Etat\u00a0\u00bb.<\/p>\n<p style=\"text-align: justify;\">Leur crime ? Militer au sein d&rsquo;un mouvement citoyen , qui avait appel\u00e9 \u00e0 l&rsquo;observation d&rsquo;une Journ\u00e9e villes-mortes le 16 f\u00e9vrier pour honorer la m\u00e9moire des martyrs de la d\u00e9mocratie du 16 f\u00e9vrier 1992, et lancer un fort avertissement au pr\u00e9sident Kabila et ses soutiens que le 19 d\u00e9cembre 2016 son mandat prend fin, que cela lui plaise ou pas, et que notre Peuple n&rsquo;entend pas lui accorder un jour de plus puisqu&rsquo;il fait tout pour que les \u00e9lections n&rsquo;aient pas lieu .<\/p>\n<p style=\"text-align: justify;\"><strong>Activistesfil\u00e9s<\/strong><\/p>\n<p style=\"text-align: justify;\">LUCHA affirme que ces activistes \u00e9taient fil\u00e9s toute la nuit puis arr\u00eat\u00e9s. Ils n&rsquo;\u00e9taient ni dans une manifestation, ni dans une op\u00e9ration de sensibilisation pour la journ\u00e9e villes-morte, ni dans \u00e9mission \u00e0 la radio ou \u00e0 la t\u00e9l\u00e9, ni entrain d&rsquo;afficher quelque message que ce soit&#8230;., regrette le mouvement.<\/p>\n<p style=\"text-align: justify;\">Bienvenu et H\u00e9ritier rejoignent ainsi \u00e0 Makala les autres militants dont Fred Bauma et Yves Makwambala, qui vont totaliser 12 mois de d\u00e9tention dans seulement trois semaines, sans jugement, apr\u00e8s avoir \u00e9t\u00e9 arr\u00eat\u00e9s dans des circonstances d\u00e9cri\u00e9es par les ONGDH.La prison de Makala compte des milliers d&rsquo;innocents, souvent emprisonn\u00e9s juste pour leur opinion, ou pour s&rsquo;\u00eatre trouv\u00e9 \u00ab\u00a0au mauvais endroit au mauvais moment\u00a0\u00bb comme on dit.<\/p>\n<p style=\"text-align: justify;\">A part Makala, 8 militants de la LUCHA , tous \u00e9tudiants, dont une fille, sont d\u00e9tenus \u00e0 la prison centrale de Goma y compris les 6 arr\u00eat\u00e9s mardi dernier sur ordre personnel du gouverneur Julien Paluku, et dont la parodie de proc\u00e8s se poursuit au tribunal de la ville.<\/p>\n<p style=\"text-align: justify;\">D\u00e9tenu au secret<\/p>\n<p style=\"text-align: justify;\">Dans la m\u00eame prison, sept autres personnes arr\u00eat\u00e9es lors d&rsquo;une manifestation pacifique de la LUCHA le 28 novembre 2015 pour rendre hommage aux victimes des massacres de Beni, sont aussi d\u00e9tenues. Ces derni\u00e8res n&rsquo;ont pourtant rien avoir avec la Lucha, \u00e0 part qu&rsquo;ils \u00e9taient juste venus participer \u00e0 la manifestation pacifique ce jour l\u00e0, comme n&rsquo;importe quel citoyen.<\/p>\n<p style=\"text-align: justify;\">Tout en continuant de demander la lib\u00e9ration de leurs camarades aussi bien \u00e0 Goma et \u00e0 Kinshasa, ainsi que de tous les prisonniers politiques et d&rsquo;opinion Christopher Ngoy Mutamba, Jean-Marie Kalonji , ce dernier est d\u00e9tenu au secret depuis d\u00e9cembre 2015 jusqu&rsquo;\u00e0 ce jour , Godefroy Mwanabwato, et bien d&rsquo;autres encore, LUCHA r\u00e9affirme la poursuite de sa noble lutte non-violente pour la d\u00e9mocratie, la libert\u00e9 et la dignit\u00e9 du Peuple congolais.<\/p>\n<p style=\"text-align: justify;\">\u00ab\u00a0Vous nous arr\u00eatez, nous nous multiplions\u00a0\u00bb, clament les jeunes de la Lucha et du Fililbi arbitrairement et ill\u00e9galement d\u00e9tenus \u00e0 Goma.<\/p>\n<p style=\"text-align: justify;\">Par God\u00e9 Kalonji<\/p>\n","protected":false},"excerpt":{"rendered":"<p>Le Mouvement Citoyen Lutte pour le Changement (LUCHA) annonce dans un communiqu\u00e9 le transfert \u00e0 la prison centrale de Makala de ces deux militants, Bienvenu Matumo et H\u00e9ritier Kapitene le mardi 22 f\u00e9vrier dernier. Les deux militants , avec un autre jeune r\u00e9pondant au nom de Victor Tesongo, avaient \u00e9t\u00e9 enlev\u00e9s par les services de [&hellip;]<\/p>\n","protected":false},"author":1,"featured_media":12871,"comment_status":"open","ping_status":"open","sticky":false,"template":"","format":"standard","meta":{"footnotes":""},"categories":[136,134,130,5],"tags":[],"class_list":["post-12870","post","type-post","status-publish","format-standard","has-post-thumbnail","hentry","category-a-la-une","category-la-tempete-des-tropiques","category-nation","category-politique"],"_links":{"self":[{"href":"https:\/\/www.latempete.info\/index.php?rest_route=\/wp\/v2\/posts\/12870"}],"collection":[{"href":"https:\/\/www.latempete.info\/index.php?rest_route=\/wp\/v2\/posts"}],"about":[{"href":"https:\/\/www.latempete.info\/index.php?rest_route=\/wp\/v2\/types\/post"}],"author":[{"embeddable":true,"href":"https:\/\/www.latempete.info\/index.php?rest_route=\/wp\/v2\/users\/1"}],"replies":[{"embeddable":true,"href":"https:\/\/www.latempete.info\/index.php?rest_route=%2Fwp%2Fv2%2Fcomments&post=12870"}],"version-history":[{"count":1,"href":"https:\/\/www.latempete.info\/index.php?rest_route=\/wp\/v2\/posts\/12870\/revisions"}],"predecessor-version":[{"id":12872,"href":"https:\/\/www.latempete.info\/index.php?rest_route=\/wp\/v2\/posts\/12870\/revisions\/12872"}],"wp:featuredmedia":[{"embeddable":true,"href":"https:\/\/www.latempete.info\/index.php?rest_route=\/wp\/v2\/media\/12871"}],"wp:attachment":[{"href":"https:\/\/www.latempete.info\/index.php?rest_route=%2Fwp%2Fv2%2Fmedia&parent=12870"}],"wp:term":[{"taxonomy":"category","embeddable":true,"href":"https:\/\/www.latempete.info\/index.php?rest_route=%2Fwp%2Fv2%2Fcategories&post=12870"},{"taxonomy":"post_tag","embeddable":true,"href":"https:\/\/www.latempete.info\/index.php?rest_route=%2Fwp%2Fv2%2Ftags&post=12870"}],"curies":[{"name":"wp","href":"https:\/\/api.w.org\/{rel}","templated":true}]}}