{"id":13018,"date":"2016-03-03T10:53:55","date_gmt":"2016-03-03T10:53:55","guid":{"rendered":"http:\/\/www.latempete.info\/?p=13018"},"modified":"2016-03-03T10:53:55","modified_gmt":"2016-03-03T10:53:55","slug":"pour-detruire-les-camps-du-frpi-a-irumu-la-monusco-lance-loperation-arrow","status":"publish","type":"post","link":"https:\/\/www.latempete.info\/?p=13018","title":{"rendered":"Pour d\u00e9truire les camps du FRPI \u00e0 Irumu : La MONUSCO lance l\u2019op\u00e9ration \u00ab Arrow \u00bb"},"content":{"rendered":"<p style=\"text-align: justify;\">En d\u00e9pit de l\u2019arrestation et la d\u00e9tention de son chef historique, Cobra Matata, le Front de Resistance Patriotique de l\u2019Ituri (FRPI), une milice bas\u00e9e sur le territoire d\u2019Irumu, dans la province de l\u2019Ituri demeure une constante menace pour la population civile de cette partie de la RDC.<\/p>\n<p style=\"text-align: justify;\">De ce fait, la Mission de l\u2019Organisation des Nations Unies pour la stabilisation du Congo (MONUSCO) a d\u00e9cid\u00e9 de lancer une op\u00e9ration militaire d\u00e9nomm\u00e9e \u00ab Arrow \u00bb(Fl\u00e8che), pour d\u00e9truire les camps du FRPI dans les localit\u00e9s situ\u00e9es dans le territoire d\u2019Irumu. L\u2019op\u00e9ration \u00bb.<\/p>\n<p style=\"text-align: justify;\">L\u2019op\u00e9ration a connu un succ\u00e8s le 21 f\u00e9vrier dernier en mettant fin aux pillages dont les auteurs \u00e9taient des combattants du FRPI.<\/p>\n<p style=\"text-align: justify;\">Sur le terrain des op\u00e9rations, les Forces de la MONUSCO et les FARDC maintiennent la pression sur les rebelles du FRPI en vue de contrer les activit\u00e9s n\u00e9gatives perp\u00e9tr\u00e9es contre les populations civiles implant\u00e9es dans les localit\u00e9s situ\u00e9es au sud du territoire d\u2019Irumu, note le Lieutenant-Colonel Amouzoun Codjo Martin, porte-parole militaire de la Monusco.<\/p>\n<p style=\"text-align: justify;\">Ii importe de noter qu\u2019en date du 23 f\u00e9vrier dernier, des \u00e9l\u00e9ments du FRPI engag\u00e9s dans les pillages du b\u00e9tail, des panneaux solaires et d\u2019autres biens de valeur appartenant aux populations civiles de la localit\u00e9 de Kamasi, situ\u00e9e \u00e0 7 km au nord-est de Bukiringi, ont \u00e9t\u00e9 repouss\u00e9s par une patrouille motoris\u00e9e des casques bleus de la MONUSCO d\u00e9ploy\u00e9e rapidement dans cette partie de l\u2019Ituri.<\/p>\n<p style=\"text-align: justify;\">Le 24 f\u00e9vrier, des hommes de Cobra Matata ont viol\u00e9 et tu\u00e9 une femme dans la r\u00e9gion situ\u00e9e pr\u00e8s de la localit\u00e9 de Tongbe, \u00e0 5 km, au nord d\u2019Aveba, d\u00e9plore le porte-parole militaire de la Monusco.<\/p>\n<p style=\"text-align: justify;\">Le FRPI a attaqu\u00e9 le 27 f\u00e9vrier dernier, les localit\u00e9s de Mbasa et Apinzi3, situ\u00e9es respectivement \u00e0 3 et 15 km \u00e0 l\u2019Ouest de Gety et de Komanda, pill\u00e9 des biens de valeur et kidnapp\u00e9 trois femmes.<\/p>\n<p style=\"text-align: justify;\">Les troupes de la Monusco et les FARDC d\u00e9ploy\u00e9es dans la r\u00e9gion demeurent en alerte maximale et surveillent \u00e9troitement la situation sur le terrain, dans le but de mettre d\u00e9finitivement un terme \u00e0 l\u2019activisme des groupes arm\u00e9s dont le FRPI \u00e0 Irumu.<\/p>\n<p style=\"text-align: justify;\">Par God\u00e9 Kalonji<\/p>\n","protected":false},"excerpt":{"rendered":"<p>En d\u00e9pit de l\u2019arrestation et la d\u00e9tention de son chef historique, Cobra Matata, le Front de Resistance Patriotique de l\u2019Ituri (FRPI), une milice bas\u00e9e sur le territoire d\u2019Irumu, dans la province de l\u2019Ituri demeure une constante menace pour la population civile de cette partie de la RDC. De ce fait, la Mission de l\u2019Organisation des [&hellip;]<\/p>\n","protected":false},"author":1,"featured_media":1260,"comment_status":"open","ping_status":"open","sticky":false,"template":"","format":"standard","meta":{"footnotes":""},"categories":[136,134,5,25],"tags":[],"class_list":["post-13018","post","type-post","status-publish","format-standard","has-post-thumbnail","hentry","category-a-la-une","category-la-tempete-des-tropiques","category-politique","category-province"],"_links":{"self":[{"href":"https:\/\/www.latempete.info\/index.php?rest_route=\/wp\/v2\/posts\/13018"}],"collection":[{"href":"https:\/\/www.latempete.info\/index.php?rest_route=\/wp\/v2\/posts"}],"about":[{"href":"https:\/\/www.latempete.info\/index.php?rest_route=\/wp\/v2\/types\/post"}],"author":[{"embeddable":true,"href":"https:\/\/www.latempete.info\/index.php?rest_route=\/wp\/v2\/users\/1"}],"replies":[{"embeddable":true,"href":"https:\/\/www.latempete.info\/index.php?rest_route=%2Fwp%2Fv2%2Fcomments&post=13018"}],"version-history":[{"count":1,"href":"https:\/\/www.latempete.info\/index.php?rest_route=\/wp\/v2\/posts\/13018\/revisions"}],"predecessor-version":[{"id":13019,"href":"https:\/\/www.latempete.info\/index.php?rest_route=\/wp\/v2\/posts\/13018\/revisions\/13019"}],"wp:featuredmedia":[{"embeddable":true,"href":"https:\/\/www.latempete.info\/index.php?rest_route=\/wp\/v2\/media\/1260"}],"wp:attachment":[{"href":"https:\/\/www.latempete.info\/index.php?rest_route=%2Fwp%2Fv2%2Fmedia&parent=13018"}],"wp:term":[{"taxonomy":"category","embeddable":true,"href":"https:\/\/www.latempete.info\/index.php?rest_route=%2Fwp%2Fv2%2Fcategories&post=13018"},{"taxonomy":"post_tag","embeddable":true,"href":"https:\/\/www.latempete.info\/index.php?rest_route=%2Fwp%2Fv2%2Ftags&post=13018"}],"curies":[{"name":"wp","href":"https:\/\/api.w.org\/{rel}","templated":true}]}}