{"id":13122,"date":"2016-03-09T11:14:14","date_gmt":"2016-03-09T11:14:14","guid":{"rendered":"http:\/\/www.latempete.info\/?p=13122"},"modified":"2016-03-09T11:14:57","modified_gmt":"2016-03-09T11:14:57","slug":"alors-que-la-rdc-se-distingue-par-limpunite-en-cette-matiere-viols-dr-mukwege-deballe-la-rdc-a-geneve","status":"publish","type":"post","link":"https:\/\/www.latempete.info\/?p=13122","title":{"rendered":"Alors que la RDC se distingue par l&rsquo;impunit\u00e9 en cette mati\u00e8re Viols : Dr Mukwege d\u00e9balle la RDC \u00e0 Gen\u00e8ve !"},"content":{"rendered":"<p style=\"text-align: justify;\">Sign\u00e9e par environ 200 organisations, la p\u00e9tition remise hier au Conseil des droits de l&rsquo;homme de l&rsquo;ONU r\u00e9clame la publication de la liste tenue secr\u00e8te des 617 personnes soup\u00e7onn\u00e9es d&rsquo;avoir commis des viols et des atteintes aux droits de l&rsquo;homme en RD Congo entre 1993 et 2003. Elle r\u00e9clame aussi la cr\u00e9ation d&rsquo;un tribunal sp\u00e9cial pour juger les crimes de guerre et crimes contre l&rsquo;humanit\u00e9 commis dans ce pays.<\/p>\n<p>Le r\u00e9parateur des femmes, le gyn\u00e9cologue congolais, D\u00e9nis Mukwege, vient de donner une note particuli\u00e8re \u00e0 \u00ab\u00a0la Journ\u00e9e internationale de la Femme\u00a0\u00bb 2016 en pr\u00e9sentant au Conseil des droits de l&rsquo;homme de l&rsquo;ONU, hier mardi \u00e0 Gen\u00e8ve, une p\u00e9tition sign\u00e9e par pr\u00e8s de 200 organisations, en marge de la f\u00eate de la femme c\u00e9l\u00e9br\u00e9e le 08 mars de chaque ann\u00e9e.<\/p>\n<p style=\"text-align: justify;\">A en croire les pr\u00e9cisions donn\u00e9es hier \u00e0 l&rsquo;AFP par le Belge Thierry Michel, cor\u00e9alisateur du documentaire \u00a0\u00bb L&rsquo;homme qui r\u00e9pare les femmes \u00ab\u00a0,la p\u00e9tition pr\u00e9sent\u00e9e par Dr D\u00e9nis Mukwege r\u00e9clame notamment que le Conseil aux droits de l&rsquo;homme de l&rsquo;ONU publie la liste (tenue jusqu&rsquo;ici secr\u00e8te) des 617 personnes soup\u00e7onn\u00e9es d&rsquo;avoir commis des viols et des atteintes aux droits de l&rsquo;homme en R\u00e9publique D\u00e9mocratique du Congo entre 1993 et 2003.<\/p>\n<p style=\"text-align: justify;\">La p\u00e9tition appelle \u00e9galement l&rsquo;ONU \u00e0 soutenir la cr\u00e9ation d&rsquo;un tribunal sp\u00e9cial r\u00e9unissant des juges et des procureurs internationaux pour juger les crimes de guerre et les crimes contre l&rsquo;humanit\u00e9 commis en RDC, et que des \u00e9chantillons d&rsquo;ADN soient syst\u00e9matiquement pr\u00e9lev\u00e9s dans les affaires de viols.<\/p>\n<p style=\"text-align: justify;\">La raison de la d\u00e9marche entreprise par le docteur D\u00e9nis Mukwege est expliqu\u00e9e par le r\u00e9alisateur belge Thierry Michel; \u00ab\u00a0quand l&rsquo;Etat ne prend pas ses responsabilit\u00e9s, la communaut\u00e9 internationale doit le faire\u00a0\u00bb. Le docteur congolais comme le r\u00e9alisateur belge ont fustig\u00e9, \u00e0 cet effet, l&rsquo;irresponsabilit\u00e9 de l&rsquo;Etat congolais qui a montr\u00e9 ses limites face \u00e0 la situation dramatique de viols dans l&rsquo;Est du pays.<\/p>\n<p style=\"text-align: justify;\">Contenu de la p\u00e9tition<\/p>\n<p style=\"text-align: justify;\">La p\u00e9tition, r\u00e9clamant la fin d&rsquo;impunit\u00e9 pour les responsables de viols et abus sexuels en RD Congo, s&rsquo;intitule \u00ab\u00a0Non \u00e0 l&rsquo;impunit\u00e9\u00a0\u00bb. Elle veut notamment que le Conseil des droits de l&rsquo;Homme publie la liste jusqu&rsquo;ici secr\u00e8te de 617 personnes soup\u00e7onn\u00e9es d&rsquo;avoir commis des viols et des atteintes aux droits de l&rsquo;Homme en RD Congo entre 1993 et 2003.<\/p>\n<p style=\"text-align: justify;\">Aussi, le docteur Mukwege appelle l&rsquo;ONU \u00e0 soutenir la cr\u00e9ation d&rsquo;un \u00ab\u00a0tribunal sp\u00e9cial r\u00e9unissant des juges et des procureurs internationaux pour juger les crimes de guerre et les crimes contre l&rsquo;humanit\u00e9 commis dans l&rsquo;Est de la RD Congo\u00a0\u00bb.<\/p>\n<p style=\"text-align: justify;\">Il demande \u00e9galement que des \u00e9chantillons d&rsquo;ADN soient syst\u00e9matiquement pr\u00e9lev\u00e9s dans les affaires de viol. \u00ab\u00a0Cela aiderait vraiment \u00e0 savoir qui est derri\u00e8re tous ces viols\u00a0\u00bb, pr\u00e9cise le docteur congolais dans une interview accord\u00e9e aux m\u00e9dias \u00e0 la veille de la pr\u00e9sentation de cette p\u00e9tition \u00e0 Gen\u00e8ve.<\/p>\n<p style=\"text-align: justify;\">Pour rappel, c&rsquo;est depuis 1999 que le docteur Mukwege travaille pour reconstruire physiquement et psychologiquement environs 40.000 femmes victimes de viols accompagn\u00e9es de violences sauvages commises \u00e0 grande \u00e9chelle dans l&rsquo;Est du pays dans son h\u00f4pital de Panzi \u00e0 Bukavu, chef-lieu de la province du Sud Kivu. Cela surtout pendant la deuxi\u00e8me guerre de la RD Congo (1998-2003) et au cours des diff\u00e9rents conflits arm\u00e9s qui se succ\u00e8dent dans cette r\u00e9gion de la RD Congo.<\/p>\n<p style=\"text-align: justify;\">Le gyn\u00e9cologue congolais \u00e2g\u00e9 de 61 ans a toujours d\u00e9nonc\u00e9 le fait que les viols soient devenus une arme de guerre dans son pays.<\/p>\n<p style=\"text-align: justify;\">Il a re\u00e7u en 2014 le prix \u00ab\u00a0Sakharov\u00a0\u00bb des droits de l&rsquo;Homme d\u00e9cern\u00e9 par le Parlement europ\u00e9en. Pour l&rsquo;heure, le nombre de victime de viols a diminu\u00e9 ,avec la baisse des combats et passe de 10 par jour il y a quelques jours ann\u00e9es \u00e0 un peu moins de 7 viols par jour, a-il-pr\u00e9cis\u00e9.<\/p>\n<p style=\"text-align: justify;\">Le gyn\u00e9cologue reste cependant tr\u00e8s inquiet du nombre de patientes qui viennent d\u00e9sormais des secteurs hors de la zone de conflit, alors que les violences touchent un nombre grandissant d&rsquo;enfants, m\u00eame des b\u00e9b\u00e9s.<\/p>\n<p style=\"text-align: justify;\">A ce sujet, une \u00e9tude portant sur plusieurs ann\u00e9es rel\u00e8ve que plusieurs milliers d&rsquo;enfants de l&rsquo;Est de la RD Congo ont \u00e9t\u00e9 viol\u00e9s, et 200 avaient moins de 5 ans, selon le docteur Mukwege.<\/p>\n<p style=\"text-align: justify;\">Le prix \u00ab\u00a0Sakharov\u00a0\u00bb 2014 est aussi inquiet du nombre d&rsquo;anciens enfants soldats, forc\u00e9s par les groupes arm\u00e9s \u00e0 commettre des actes de sauvagerie et qui ont \u00e9t\u00e9 int\u00e9gr\u00e9s dans l&rsquo;arm\u00e9e r\u00e9guli\u00e8re sans b\u00e9n\u00e9ficier de soutien psychologique.<\/p>\n<p style=\"text-align: justify;\">Par Lucien Kazadi T.<\/p>\n","protected":false},"excerpt":{"rendered":"<p>Sign\u00e9e par environ 200 organisations, la p\u00e9tition remise hier au Conseil des droits de l&rsquo;homme de l&rsquo;ONU r\u00e9clame la publication de la liste tenue secr\u00e8te des 617 personnes soup\u00e7onn\u00e9es d&rsquo;avoir commis des viols et des atteintes aux droits de l&rsquo;homme en RD Congo entre 1993 et 2003. Elle r\u00e9clame aussi la cr\u00e9ation d&rsquo;un tribunal sp\u00e9cial [&hellip;]<\/p>\n","protected":false},"author":1,"featured_media":13123,"comment_status":"open","ping_status":"open","sticky":false,"template":"","format":"standard","meta":{"footnotes":""},"categories":[136,134,130,5],"tags":[],"class_list":["post-13122","post","type-post","status-publish","format-standard","has-post-thumbnail","hentry","category-a-la-une","category-la-tempete-des-tropiques","category-nation","category-politique"],"_links":{"self":[{"href":"https:\/\/www.latempete.info\/index.php?rest_route=\/wp\/v2\/posts\/13122"}],"collection":[{"href":"https:\/\/www.latempete.info\/index.php?rest_route=\/wp\/v2\/posts"}],"about":[{"href":"https:\/\/www.latempete.info\/index.php?rest_route=\/wp\/v2\/types\/post"}],"author":[{"embeddable":true,"href":"https:\/\/www.latempete.info\/index.php?rest_route=\/wp\/v2\/users\/1"}],"replies":[{"embeddable":true,"href":"https:\/\/www.latempete.info\/index.php?rest_route=%2Fwp%2Fv2%2Fcomments&post=13122"}],"version-history":[{"count":2,"href":"https:\/\/www.latempete.info\/index.php?rest_route=\/wp\/v2\/posts\/13122\/revisions"}],"predecessor-version":[{"id":13125,"href":"https:\/\/www.latempete.info\/index.php?rest_route=\/wp\/v2\/posts\/13122\/revisions\/13125"}],"wp:featuredmedia":[{"embeddable":true,"href":"https:\/\/www.latempete.info\/index.php?rest_route=\/wp\/v2\/media\/13123"}],"wp:attachment":[{"href":"https:\/\/www.latempete.info\/index.php?rest_route=%2Fwp%2Fv2%2Fmedia&parent=13122"}],"wp:term":[{"taxonomy":"category","embeddable":true,"href":"https:\/\/www.latempete.info\/index.php?rest_route=%2Fwp%2Fv2%2Fcategories&post=13122"},{"taxonomy":"post_tag","embeddable":true,"href":"https:\/\/www.latempete.info\/index.php?rest_route=%2Fwp%2Fv2%2Ftags&post=13122"}],"curies":[{"name":"wp","href":"https:\/\/api.w.org\/{rel}","templated":true}]}}