{"id":13671,"date":"2016-04-08T10:32:26","date_gmt":"2016-04-08T10:32:26","guid":{"rendered":"http:\/\/www.latempete.info\/?p=13671"},"modified":"2016-04-08T10:32:26","modified_gmt":"2016-04-08T10:32:26","slug":"matadi-mont-kinzau-spolie-constructions-anarchiques-spolie-constructions-anarchiques","status":"publish","type":"post","link":"https:\/\/www.latempete.info\/?p=13671","title":{"rendered":"Matadi  : Le Mont Kinzau spoli\u00e9 par des constructions anarchiques spoli\u00e9 par des constructions anarchiques"},"content":{"rendered":"<p style=\"text-align: justify;\">Le mont Kinzau appel\u00e9 autrefois \u00a0\u00bb Pic Cambien \u00a0\u00bb tir\u00e9 du nom d&rsquo;un explorateur d&rsquo;origine belge Ernest Fran\u00e7ois Cambien, ancien soldat de son \u00e9tat, est le point culminant des montagnes de Bangu (ex. Cristal) du reste tr\u00e8s perceptible pour tout voyageur de passage \u00e0 Kimpese dans le territoire de Songololo.<\/p>\n<p style=\"text-align: justify;\">Long de plus de 800 m d&rsquo;hauteur, ce mont qui se situe \u00e0 l&rsquo;Est de la ville portuaire de Matadi et plus pr\u00e9cis\u00e9ment dans la commune qui porte le m\u00eame nom pr\u00e9sente depuis des lustres une vue panoramique du chef-lieu de la province du Kongo Central et attire la curiosit\u00e9 des touristes et de beaucoup d&rsquo;\u00e9trangers qui d\u00e9barquent dans cette ville par son Port International. De nombreux fid\u00e8les des diff\u00e9rentes \u00e9glises de la place s&rsquo;y rendent, eux aussi, dans le cadre de leur retraite des pri\u00e8res.<\/p>\n<p style=\"text-align: justify;\">Mais depuis pr\u00e8s d&rsquo;une d\u00e9cennie, ce lieu pourtant attrayant qui faisait la beaut\u00e9 de la ville de Matadi n&rsquo;est plus prot\u00e9g\u00e9 par les services comp\u00e9tents de la mairie et de la province qui, malheureusement, assistent impuissants \u00e0 sa spoliation.<\/p>\n<p style=\"text-align: justify;\">Avec la b\u00e9n\u00e9diction non seulement des ayants-droits coutumiers mais aussi des agents commis aux services du cadastre, des titres fonciers et de l&rsquo;urbanisme, des constructions anarchiques y poussent au jour le jour comme des champignons.<\/p>\n<p style=\"text-align: justify;\">Et ce, au vu et au su de tous ceux qui ont une parcelle d&rsquo;autorit\u00e9 dans la ville de Matadi qui ne disent mot. Leur silence, pour moult observateurs, est en effet jug\u00e9 de complice par tout le monde.<\/p>\n<p style=\"text-align: justify;\">Car, il est vraiment inconcevable de voir cette aire pourtant prot\u00e9g\u00e9e et officiellement reconnue par l&rsquo;Unesco \u00eatre spoli\u00e9e de cette fa\u00e7on la plus honteuse comme si la ville de Matadi \u00e9tait compar\u00e9e \u00e0 une porcherie sans ma\u00eetre.<\/p>\n<p style=\"text-align: justify;\">Devant ce mutisme b\u00e9at des autorit\u00e9s de la place, Raymond Tusevo, le tout nouveau duc r\u00e9cemment nomm\u00e9 de l&rsquo;agglom\u00e9ration de Kinzau en remplacement de feu Noso Masanzambi d\u00e9c\u00e9d\u00e9 au mois de f\u00e9vrier dernier, est mont\u00e9 sur ses chevaux et vient de taper du poing sur la table.<\/p>\n<p style=\"text-align: justify;\">Selon lui, tous ceux qui ont construit anarchiquement sur le mont Kinzau, quelque soit son rang social, doivent lui brandir les documents de propri\u00e9t\u00e9 leur d\u00e9livr\u00e9s notamment par les services d&rsquo;Etat comp\u00e9tents en la mati\u00e8re ou encore par les ayants-droits coutumiers.<\/p>\n<p style=\"text-align: justify;\">Cela, dit-il, permettra \u00e0 l&rsquo;Etat Congolais non pas seulement de les faire d\u00e9guerpir de force de ce site touristique mais aussi et surtout de les indemniser apr\u00e8s la destruction de leurs habitations.<\/p>\n<p style=\"text-align: justify;\">Il pr\u00e9conise \u00e0 cet effet un contr\u00f4le dans les tout prochains jours en passant d&rsquo;une parcelle \u00e0 une autre et les r\u00e9calcitrants ne s&rsquo;en prendront qu&rsquo;\u00e0 eux-m\u00eames, avertit-il. Aussi, il a pris une autre mesure non de moindre importance visant l&rsquo;interdiction formelle d&rsquo;enterrer les non originaires dans le cimeti\u00e8re coutumier de Kinzau pour pr\u00e9server ce lieu de repos essentiellement r\u00e9serv\u00e9 aux originaires du coin pour la sauvegarde des valeurs ancestrales.<\/p>\n<p style=\"text-align: justify;\">A noter qu&rsquo;en d\u00e9but 2012 lors de sa visite improvis\u00e9e \u00e0 Matadi, le Chef de l&rsquo;Etat Joseph Kabila Kabange, touch\u00e9 par la spoliation de ce mont, a instruit l&rsquo;autorit\u00e9 provinciale d&rsquo;interdire toutes ces constructions anarchiques et, \u00e9ventuellement, les d\u00e9truire sans autre forme de proc\u00e8s au vu du danger qui guette les habitants de ce lieu en cas d&rsquo;un vent violent ou d&rsquo;une pluie torrentielle.<\/p>\n<p style=\"text-align: justify;\">Cela, pour la sauvegarde des valeurs touristiques de ce lieu dont l&rsquo;importance n&rsquo;est plus \u00e0 d\u00e9montrer.<\/p>\n<p style=\"text-align: justify;\">Jean Marc Nzeyidio Lukombo, maire de la ville de Matadi, a applaudi de deux mains la mesure prise par le nouveau duc de la localit\u00e9 de Kinzau du reste confront\u00e9e pour l&rsquo;heure au probl\u00e8me criant de manque d&rsquo;eau potable.<\/p>\n<p style=\"text-align: justify;\">Etant donn\u00e9 que toutes les sources d&rsquo;eau qui alimentaient les populations de cette localit\u00e9 en cette denr\u00e9e indispensable \u00e0 la vie humaine sont en voie de disparition par la faute des constructeurs de ces maisons qui ne tiennent m\u00eame pas comptes des normes environnementales de ce patrimoine vou\u00e9 \u00e0 la protection.<\/p>\n<p style=\"text-align: justify;\">Par Dieudonn\u00e9 Muaka Dimbi<\/p>\n","protected":false},"excerpt":{"rendered":"<p>Le mont Kinzau appel\u00e9 autrefois \u00a0\u00bb Pic Cambien \u00a0\u00bb tir\u00e9 du nom d&rsquo;un explorateur d&rsquo;origine belge Ernest Fran\u00e7ois Cambien, ancien soldat de son \u00e9tat, est le point culminant des montagnes de Bangu (ex. Cristal) du reste tr\u00e8s perceptible pour tout voyageur de passage \u00e0 Kimpese dans le territoire de Songololo. Long de plus de 800 [&hellip;]<\/p>\n","protected":false},"author":1,"featured_media":0,"comment_status":"open","ping_status":"open","sticky":false,"template":"","format":"standard","meta":{"footnotes":""},"categories":[134,5,25],"tags":[],"class_list":["post-13671","post","type-post","status-publish","format-standard","hentry","category-la-tempete-des-tropiques","category-politique","category-province"],"_links":{"self":[{"href":"https:\/\/www.latempete.info\/index.php?rest_route=\/wp\/v2\/posts\/13671"}],"collection":[{"href":"https:\/\/www.latempete.info\/index.php?rest_route=\/wp\/v2\/posts"}],"about":[{"href":"https:\/\/www.latempete.info\/index.php?rest_route=\/wp\/v2\/types\/post"}],"author":[{"embeddable":true,"href":"https:\/\/www.latempete.info\/index.php?rest_route=\/wp\/v2\/users\/1"}],"replies":[{"embeddable":true,"href":"https:\/\/www.latempete.info\/index.php?rest_route=%2Fwp%2Fv2%2Fcomments&post=13671"}],"version-history":[{"count":1,"href":"https:\/\/www.latempete.info\/index.php?rest_route=\/wp\/v2\/posts\/13671\/revisions"}],"predecessor-version":[{"id":13672,"href":"https:\/\/www.latempete.info\/index.php?rest_route=\/wp\/v2\/posts\/13671\/revisions\/13672"}],"wp:attachment":[{"href":"https:\/\/www.latempete.info\/index.php?rest_route=%2Fwp%2Fv2%2Fmedia&parent=13671"}],"wp:term":[{"taxonomy":"category","embeddable":true,"href":"https:\/\/www.latempete.info\/index.php?rest_route=%2Fwp%2Fv2%2Fcategories&post=13671"},{"taxonomy":"post_tag","embeddable":true,"href":"https:\/\/www.latempete.info\/index.php?rest_route=%2Fwp%2Fv2%2Ftags&post=13671"}],"curies":[{"name":"wp","href":"https:\/\/api.w.org\/{rel}","templated":true}]}}