{"id":13673,"date":"2016-04-08T12:10:43","date_gmt":"2016-04-08T12:10:43","guid":{"rendered":"http:\/\/www.latempete.info\/?p=13673"},"modified":"2016-04-08T12:10:43","modified_gmt":"2016-04-08T12:10:43","slug":"13673-2","status":"publish","type":"post","link":"https:\/\/www.latempete.info\/?p=13673","title":{"rendered":"Contribution des enfants congolais \u00e0 la promotion du droit \u00e0 l&rsquo;identit\u00e9 par l&rsquo;enregistrement des naissances"},"content":{"rendered":"<p style=\"text-align: justify;\">Vingt cinq enfants congolais venus de quatre provinces de la RDC ont particip\u00e9 du 3 au 7 avril 2016 au centre Lassalien de Kinshasa \u00e0 l&rsquo;atelier national sur la production des messages en rapport avec le droit fondamental \u00e0 l&rsquo;identit\u00e9 par l&rsquo;enregistrement des naissances \u00e0 l&rsquo;\u00e9tat-civil.<\/p>\n<p style=\"text-align: justify;\">Pendant cinq jours, ces enfants issus des provinces de Kinshasa, du Kongo Central, du Kasa\u00ef Central et du Maniema ont \u00e9labor\u00e9 des messages et produit des supports de communication (chanson, sketch audiovisuel et spots) sur l&rsquo;importance de l&rsquo;enregistrement des nouveau-n\u00e9s \u00e0 l&rsquo;\u00e9tat-civil.<\/p>\n<p style=\"text-align: justify;\">Dans un message de plaidoyer lu jeudi lors de la cl\u00f4ture de l&rsquo;atelier, Exauc\u00e9 Bamba Pila, un enfant de 13 ans venu du Kongo Central a, au nom de tous les enfants de la RDC, affirm\u00e9 que la d\u00e9claration de la naissance au bureau de l&rsquo;\u00e9tat-civil permet \u00e0 l&rsquo;enfant d&rsquo;avoir une identit\u00e9, d&rsquo;\u00eatre l\u00e9galement membre d&rsquo;une famille et d&rsquo;une communaut\u00e9, de b\u00e9n\u00e9ficier des avantages sociaux et d&rsquo;\u00eatre prot\u00e9g\u00e9 contre plusieurs formes d&rsquo;abus et d&rsquo;exploitation.<\/p>\n<p style=\"text-align: justify;\">Cette d\u00e9claration permet aux parents d&rsquo;obtenir l&rsquo;acte de naissance de leur enfant qui est le seul document juridique qui procure une identit\u00e9.<\/p>\n<p style=\"text-align: justify;\">La loi congolaise permet l&rsquo;enregistrement gratuit d&rsquo;un nouveau-n\u00e9 \u00e0 l&rsquo;\u00e9tat-civil dans un d\u00e9lai de 90 jours (3 mois) apr\u00e8s la naissance de l&rsquo;enfant. D\u00e9pass\u00e9 ce d\u00e9lai, les parents sont oblig\u00e9s d&rsquo;obtenir un jugement suppl\u00e9tif au tribunal pour enfants, moyennant paiement d&rsquo;une somme d&rsquo;argent, pour avoir un acte de naissance au bureau de l&rsquo;\u00e9tat-civil d&rsquo;une commune.<\/p>\n<p style=\"text-align: justify;\">L&rsquo;enfant Exauc\u00e9 Bamba a d\u00e9plor\u00e9 le faible taux d&rsquo;enregistrement des enfants \u00e0 l&rsquo;\u00e9tat-civil en RDC. Selon les r\u00e9sultats de l&rsquo;Enqu\u00eate D\u00e9mographique et de Sant\u00e9 (EDS-RDC) 2013-2014, seuls 25% d&rsquo;enfants de moins de 5 ans ont \u00e9t\u00e9 enregistr\u00e9s \u00e0 l&rsquo;\u00e9tat civil et seulement 14% poss\u00e8dent un acte de naissance.<\/p>\n<p style=\"text-align: justify;\">Pour permettre \u00e0 chaque enfant de jouir de son droit \u00e0 l&rsquo;identit\u00e9 et d&rsquo;\u00eatre ainsi prot\u00e9g\u00e9, les enfants qui viennent de participer \u00e0 l&rsquo;atelier de Kinshasa demandent ce qui suit aux autorit\u00e9s nationales : am\u00e9liorer qualitativement et quantitativement le service de l&rsquo;\u00e9tat-civil ; sensibiliser les parents et l&rsquo;ensemble de la population \u00e0 l&rsquo;importance de la d\u00e9claration des enfants \u00e0 l&rsquo;\u00e9tat-civil pour les amener \u00e0 un changement de comportement; d\u00e9cr\u00e9ter un moratoire d&rsquo;au moins une ann\u00e9e en vue de permettre l&rsquo;enregistrement de tous les enfants de plus de mois qui n&rsquo;ont pas \u00e9t\u00e9 enregistr\u00e9s dans le d\u00e9lai l\u00e9gal ; impliquer davantage les enfants comme acteurs pour la sensibilisation \u00e0 l&rsquo;enregistrement des naissances.<\/p>\n<p style=\"text-align: justify;\">Les enfants ayant particip\u00e9 \u00e0 l&rsquo;atelier de Kinshasa ont \u00e9labor\u00e9 un plan d&rsquo;actions pour mat\u00e9rialiser leur contribution \u00e0 la promotion du droit \u00e0 l&rsquo;identit\u00e9.<\/p>\n<p style=\"text-align: justify;\">Ce plan pr\u00e9voit notamment la transmission aux autorit\u00e9s provinciales du rapport synth\u00e8se de l&rsquo;atelier de Kinshasa et la diffusion des messages, de la chanson et du court m\u00e9trage qu&rsquo;ils ont produit sur l&rsquo;importance de l&rsquo;enregistrement des nouveau-n\u00e9s \u00e0 l&rsquo;\u00e9tat-civil.<\/p>\n<p style=\"text-align: justify;\">Cet atelier a \u00e9t\u00e9 organis\u00e9 par le minist\u00e8re de l&rsquo;Int\u00e9rieur et S\u00e9curit\u00e9 et celui de la Femme, Famille et Enfant avec l&rsquo;appui mat\u00e9riel, technique et financier du Fonds des Nations Unies pour l&rsquo;Enfance (UNICEF) et du gouvernement canadien.<\/p>\n<p style=\"text-align: justify;\">\nPar N.T.<\/p>\n","protected":false},"excerpt":{"rendered":"<p>Vingt cinq enfants congolais venus de quatre provinces de la RDC ont particip\u00e9 du 3 au 7 avril 2016 au centre Lassalien de Kinshasa \u00e0 l&rsquo;atelier national sur la production des messages en rapport avec le droit fondamental \u00e0 l&rsquo;identit\u00e9 par l&rsquo;enregistrement des naissances \u00e0 l&rsquo;\u00e9tat-civil. Pendant cinq jours, ces enfants issus des provinces de [&hellip;]<\/p>\n","protected":false},"author":1,"featured_media":0,"comment_status":"open","ping_status":"open","sticky":false,"template":"","format":"standard","meta":{"footnotes":""},"categories":[134,130,5],"tags":[],"class_list":["post-13673","post","type-post","status-publish","format-standard","hentry","category-la-tempete-des-tropiques","category-nation","category-politique"],"_links":{"self":[{"href":"https:\/\/www.latempete.info\/index.php?rest_route=\/wp\/v2\/posts\/13673"}],"collection":[{"href":"https:\/\/www.latempete.info\/index.php?rest_route=\/wp\/v2\/posts"}],"about":[{"href":"https:\/\/www.latempete.info\/index.php?rest_route=\/wp\/v2\/types\/post"}],"author":[{"embeddable":true,"href":"https:\/\/www.latempete.info\/index.php?rest_route=\/wp\/v2\/users\/1"}],"replies":[{"embeddable":true,"href":"https:\/\/www.latempete.info\/index.php?rest_route=%2Fwp%2Fv2%2Fcomments&post=13673"}],"version-history":[{"count":1,"href":"https:\/\/www.latempete.info\/index.php?rest_route=\/wp\/v2\/posts\/13673\/revisions"}],"predecessor-version":[{"id":13674,"href":"https:\/\/www.latempete.info\/index.php?rest_route=\/wp\/v2\/posts\/13673\/revisions\/13674"}],"wp:attachment":[{"href":"https:\/\/www.latempete.info\/index.php?rest_route=%2Fwp%2Fv2%2Fmedia&parent=13673"}],"wp:term":[{"taxonomy":"category","embeddable":true,"href":"https:\/\/www.latempete.info\/index.php?rest_route=%2Fwp%2Fv2%2Fcategories&post=13673"},{"taxonomy":"post_tag","embeddable":true,"href":"https:\/\/www.latempete.info\/index.php?rest_route=%2Fwp%2Fv2%2Ftags&post=13673"}],"curies":[{"name":"wp","href":"https:\/\/api.w.org\/{rel}","templated":true}]}}