{"id":13969,"date":"2016-04-27T09:34:14","date_gmt":"2016-04-27T09:34:14","guid":{"rendered":"http:\/\/www.latempete.info\/?p=13969"},"modified":"2016-04-27T09:34:14","modified_gmt":"2016-04-27T09:34:14","slug":"deces-de-papa-wemba-la-monusco-partage-la-douleur-des-congolais","status":"publish","type":"post","link":"https:\/\/www.latempete.info\/?p=13969","title":{"rendered":"D\u00e9c\u00e8s de Papa Wemba : La MONUSCO partage la douleur des Congolais"},"content":{"rendered":"<p style=\"text-align: justify;\">Dans un communiqu\u00e9, les Nations Unies partagent la douleur du peuple congolais suite \u00e0 la disparition du chanteur Papa Wemba.<br \/>\nLe Repr\u00e9sentant sp\u00e9cial du Secr\u00e9taire g\u00e9n\u00e9ral des Nations Unies en RDC, Maman Sambo Sidikou se dit profond\u00e9ment attrist\u00e9 par l&rsquo;annonce de la disparition de l&rsquo;artiste musicien Jules Shungu Wembadio connu sous le nom de Papa Wemba.<\/p>\n<p style=\"text-align: justify;\">Pour M. Sidikou, Papa Wemba est une l\u00e9gende et un artiste de grand talent qui a hiss\u00e9 tr\u00e8s haut l&rsquo;\u00e9tendard de la musique et de la culture congolaise et celle de toute l&rsquo;Afrique en g\u00e9n\u00e9ral dans le firmament de la musique mondiale.<\/p>\n<p style=\"text-align: justify;\">L&rsquo;\u0153uvre de Papa Wemba est constitu\u00e9e d&rsquo;un immense et riche r\u00e9pertoire de chansons qui perp\u00e9tueront \u00e0 jamais son souvenir dans la m\u00e9moire des g\u00e9n\u00e9rations pr\u00e9sentes et futures.<\/p>\n<p style=\"text-align: justify;\">Au nom de toute la famille des Nations Unies en RDC, Maman Sidikou pr\u00e9sente ses sinc\u00e8res condol\u00e9ances \u00e0 la famille de l&rsquo;illustre disparu et aussi \u00e0 toute la nation congolaise.<\/p>\n<p style=\"text-align: justify;\">Un artiste talentueux aux multiples facettes<\/p>\n<p style=\"text-align: justify;\">Roi de la rumba congolaise, Papa Wemba \u00e9tait un des princes de la mode \u00e0 travers la fameuse Soci\u00e9t\u00e9 des ambianceurs et des personnes \u00e9l\u00e9gantes (SAPE), dont il a \u00e9t\u00e9 un des pionniers.<\/p>\n<p style=\"text-align: justify;\">Ce pilier de la musique congolaise est d\u00e9c\u00e9d\u00e9 sur sc\u00e8ne alors qu&rsquo;il se produisait \u00e0 Abidjan au Festival des musiques urbaines d&rsquo;Anoumabo le dimanche 24 avril \u00e0 l&rsquo;aube.<\/p>\n<p style=\"text-align: justify;\">N\u00e9 en 1949, Jules Shungu Wembadio Pene Kikumba, dit Papa Wemba, est devenu en 47 ans de carri\u00e8re musicale l&rsquo;une des gloires africaines les plus reconnues, et ce, jusqu&rsquo;au Japon.<\/p>\n<p style=\"text-align: justify;\">Au-del\u00e0 de sa voix prodigieuse, \u00a0\u00bb le Mz\u00e9e \u00a0\u00bb (le chef du village) restera dans l&rsquo;histoire comme un des pionniers de la Sape. Ce mouvement vestimentaire n\u00e9 dans les ann\u00e9es 1970 \u00e0 Brazzaville a \u00e9t\u00e9 vulgaris\u00e9 dans les ann\u00e9es 1980 aupr\u00e8s de la diaspora de deux Congo en Europe et en particulier \u00e0 Paris.<\/p>\n<p style=\"text-align: justify;\">\u00a0\u00bb L&rsquo;homme blanc a invent\u00e9 les habits, mais c&rsquo;est nous les Congolais qui en avons fait un art \u00ab\u00a0, se plaisait-il \u00e0 dire. Concr\u00e8tement, les membres du mouvement de la SAPE commun\u00e9ment appel\u00e9s les Sapeurs d\u00e9pensent des sommes folles pour s&rsquo;assurer d&rsquo;\u00eatre habill\u00e9s \u00e9l\u00e9gamment avec une surench\u00e8re pour les marques de haute couture.<\/p>\n<p style=\"text-align: justify;\"><span class=\"Apple-style-span\">Par God\u00e9 Kalonji<\/span><\/p>\n","protected":false},"excerpt":{"rendered":"<p>Dans un communiqu\u00e9, les Nations Unies partagent la douleur du peuple congolais suite \u00e0 la disparition du chanteur Papa Wemba. Le Repr\u00e9sentant sp\u00e9cial du Secr\u00e9taire g\u00e9n\u00e9ral des Nations Unies en RDC, Maman Sambo Sidikou se dit profond\u00e9ment attrist\u00e9 par l&rsquo;annonce de la disparition de l&rsquo;artiste musicien Jules Shungu Wembadio connu sous le nom de Papa [&hellip;]<\/p>\n","protected":false},"author":1,"featured_media":0,"comment_status":"open","ping_status":"open","sticky":false,"template":"","format":"standard","meta":{"footnotes":""},"categories":[134,130,5],"tags":[],"class_list":["post-13969","post","type-post","status-publish","format-standard","hentry","category-la-tempete-des-tropiques","category-nation","category-politique"],"_links":{"self":[{"href":"https:\/\/www.latempete.info\/index.php?rest_route=\/wp\/v2\/posts\/13969"}],"collection":[{"href":"https:\/\/www.latempete.info\/index.php?rest_route=\/wp\/v2\/posts"}],"about":[{"href":"https:\/\/www.latempete.info\/index.php?rest_route=\/wp\/v2\/types\/post"}],"author":[{"embeddable":true,"href":"https:\/\/www.latempete.info\/index.php?rest_route=\/wp\/v2\/users\/1"}],"replies":[{"embeddable":true,"href":"https:\/\/www.latempete.info\/index.php?rest_route=%2Fwp%2Fv2%2Fcomments&post=13969"}],"version-history":[{"count":1,"href":"https:\/\/www.latempete.info\/index.php?rest_route=\/wp\/v2\/posts\/13969\/revisions"}],"predecessor-version":[{"id":13970,"href":"https:\/\/www.latempete.info\/index.php?rest_route=\/wp\/v2\/posts\/13969\/revisions\/13970"}],"wp:attachment":[{"href":"https:\/\/www.latempete.info\/index.php?rest_route=%2Fwp%2Fv2%2Fmedia&parent=13969"}],"wp:term":[{"taxonomy":"category","embeddable":true,"href":"https:\/\/www.latempete.info\/index.php?rest_route=%2Fwp%2Fv2%2Fcategories&post=13969"},{"taxonomy":"post_tag","embeddable":true,"href":"https:\/\/www.latempete.info\/index.php?rest_route=%2Fwp%2Fv2%2Ftags&post=13969"}],"curies":[{"name":"wp","href":"https:\/\/api.w.org\/{rel}","templated":true}]}}